{"id":102317,"date":"2025-04-11T06:00:00","date_gmt":"2025-04-11T09:00:00","guid":{"rendered":"https:\/\/tvc16.com\/portal\/?p=102317"},"modified":"2025-04-10T08:35:44","modified_gmt":"2025-04-10T11:35:44","slug":"abertura-da-temporada-de-montanhismo-de-petropolis-acontece-nesta-sexta-feira","status":"publish","type":"post","link":"https:\/\/tvc16.com\/portal\/2025\/04\/11\/abertura-da-temporada-de-montanhismo-de-petropolis-acontece-nesta-sexta-feira\/","title":{"rendered":"Abertura da Temporada de Montanhismo de Petr\u00f3polis acontece nesta sexta-feira"},"content":{"rendered":"\n<p>O m\u00eas de abril marca o in\u00edcio da temporada anual de esportes e turismo em ambientes de montanha no Brasil. Em Petr\u00f3polis, a 8\u00aa edi\u00e7\u00e3o da abertura da Temporada de Montanhismo come\u00e7a nesta sexta-feira (11) e vai at\u00e9 s\u00e1bado (12). Durante esses dois dias, a cidade recebe atividades esportivas e culturais para promover o montanhismo. Os eventos ocorrer\u00e3o na Pra\u00e7a Visconde de Mau\u00e1 (Pra\u00e7a da \u00c1guia) e no Centro de Cultura Raul de Leoni.<\/p>\n\n\n\n<p>Na pra\u00e7a, junto \u00e0 feira cervejeira Deguste, estar\u00e3o 12 tendas de empresas, lojas e institui\u00e7\u00f5es focadas em esportes de montanhismo. Al\u00e9m disso, haver\u00e1 uma oficina de slackline e um muro de escalada para crian\u00e7as. Dentro do Centro de Cultura, o p\u00fablico poder\u00e1 aproveitar exposi\u00e7\u00f5es de fotos, filmes e palestras.<\/p>\n\n\n\n<p>&#8220;O montanhismo \u00e9 parte da identidade de Petr\u00f3polis. Al\u00e9m de promover esse contato direto com a natureza, a pr\u00e1tica esportiva e o incentivo \u00e0 preserva\u00e7\u00e3o do meio ambiente, promove ainda o desenvolvimento desse setor do nosso turismo, trazendo para a cidade pessoas apaixonadas por esse esporte de v\u00e1rios cantos do Brasil e inclusive de outros pa\u00edses&#8221;, destacou o prefeito Hingo Hammes, que tem por forma\u00e7\u00e3o a Educa\u00e7\u00e3o F\u00edsica.<\/p>\n\n\n\n<p>O evento de abertura acontece na pra\u00e7a Visconde de Mau\u00e1 (a pra\u00e7a da \u00c1guia) e tem apoio da prefeitura, por meio das secretarias de Esporte, Meio Ambiente, Turismo e do Instituto Municipal de Cultura &#8211; IMC. Al\u00e9m tamb\u00e9m do apoio do Instituto Estadual do Ambiente &#8211; INEA, do Instituto Chico Mendes de Biodiversidade &#8211; ICMBio, Corpo de Bombeiros Militar do Estado do Rio de Janeiro &#8211; CBMERJ, dos Escoteiros e de empres\u00e1rios com empreendimentos voltados para o setor de esporte de aventura e de equipamentos de seguran\u00e7a para trabalhos em altura. A ATM 2025 Petr\u00f3polis \u00e9 um evento promovido pelo Centro Excursionista Petropolitano &#8211; CEP e projeto Expedi\u00e7\u00f5es do Centro Federal de Educa\u00e7\u00e3o Tecnol\u00f3gica Celso Suckow da Fonseca &#8211; CEFET\/ RJ &#8211; Unidade Petr\u00f3polis.<\/p>\n\n\n\n<p>Atualmente, a ATM Petr\u00f3polis conta com apoio da Confedera\u00e7\u00e3o Brasileira de Montanhismo e Escalada, e participa\u00e7\u00e3o da federa\u00e7\u00e3o e dos clubes de montanhismo do estado do Rio de Janeiro, bem como de parceiros, como a prefeitura de Petr\u00f3polis. Esse evento anual \u00e9 uma forma de estimular e ajudar a desenvolver a pr\u00e1tica do montanhismo na cidade, especialmente porque \u00e9 um esporte diretamente conectado com a preserva\u00e7\u00e3o da natureza.<\/p>\n\n\n\n<p><strong>Concurso de Fotografia<\/strong><\/p>\n\n\n\n<p>Dentro da programa\u00e7\u00e3o do evento, h\u00e1 tamb\u00e9m o Concurso de Fotografia, que celebra a conex\u00e3o entre os petropolitanos e as montanhas da cidade. Lan\u00e7ado em mar\u00e7o, o concurso recebeu 100 inscri\u00e7\u00f5es de fot\u00f3grafos amadores e profissionais, com o tema &#8220;As Montanhas Petropolitanas e suas Unidades de Conserva\u00e7\u00e3o&#8221;.<\/p>\n\n\n\n<p>O resultado ser\u00e1 revelado na abertura do evento, no dia 11 de abril, e as fotos vencedoras ser\u00e3o exibidas no Centro de Cultura Raul de Leoni. A curadoria fica por conta da Sociedade Petropolitana de Fotografia (SOPEF). Os tr\u00eas primeiros colocados ganhar\u00e3o certificados, medalhas e vale-compras em uma loja de Petr\u00f3polis: R$ 200 para o 1\u00ba lugar, R$ 150 para o 2\u00ba lugar e R$ 100 para o 3\u00ba lugar. Os classificados de 4\u00ba a 10\u00ba lugares receber\u00e3o diplomas de men\u00e7\u00e3o honrosa.<\/p>\n","protected":false},"excerpt":{"rendered":"<p>O m\u00eas de abril marca o in\u00edcio da temporada anual de esportes e turismo em<\/p>\n","protected":false},"author":2,"featured_media":102318,"comment_status":"open","ping_status":"open","sticky":false,"template":"","format":"standard","meta":{"footnotes":""},"categories":[12],"tags":[],"class_list":["post-102317","post","type-post","status-publish","format-standard","has-post-thumbnail","hentry","category-cidade"],"_links":{"self":[{"href":"https:\/\/tvc16.com\/portal\/wp-json\/wp\/v2\/posts\/102317","targetHints":{"allow":["GET"]}}],"collection":[{"href":"https:\/\/tvc16.com\/portal\/wp-json\/wp\/v2\/posts"}],"about":[{"href":"https:\/\/tvc16.com\/portal\/wp-json\/wp\/v2\/types\/post"}],"author":[{"embeddable":true,"href":"https:\/\/tvc16.com\/portal\/wp-json\/wp\/v2\/users\/2"}],"replies":[{"embeddable":true,"href":"https:\/\/tvc16.com\/portal\/wp-json\/wp\/v2\/comments?post=102317"}],"version-history":[{"count":1,"href":"https:\/\/tvc16.com\/portal\/wp-json\/wp\/v2\/posts\/102317\/revisions"}],"predecessor-version":[{"id":102319,"href":"https:\/\/tvc16.com\/portal\/wp-json\/wp\/v2\/posts\/102317\/revisions\/102319"}],"wp:featuredmedia":[{"embeddable":true,"href":"https:\/\/tvc16.com\/portal\/wp-json\/wp\/v2\/media\/102318"}],"wp:attachment":[{"href":"https:\/\/tvc16.com\/portal\/wp-json\/wp\/v2\/media?parent=102317"}],"wp:term":[{"taxonomy":"category","embeddable":true,"href":"https:\/\/tvc16.com\/portal\/wp-json\/wp\/v2\/categories?post=102317"},{"taxonomy":"post_tag","embeddable":true,"href":"https:\/\/tvc16.com\/portal\/wp-json\/wp\/v2\/tags?post=102317"}],"curies":[{"name":"wp","href":"https:\/\/api.w.org\/{rel}","templated":true}]}}