{"id":102320,"date":"2025-04-10T08:51:57","date_gmt":"2025-04-10T11:51:57","guid":{"rendered":"https:\/\/tvc16.com\/portal\/?p=102320"},"modified":"2025-04-10T08:51:59","modified_gmt":"2025-04-10T11:51:59","slug":"creches-tem-mais-criancas-negras-do-que-brancas-pela-1a-vez","status":"publish","type":"post","link":"https:\/\/tvc16.com\/portal\/2025\/04\/10\/creches-tem-mais-criancas-negras-do-que-brancas-pela-1a-vez\/","title":{"rendered":"Creches t\u00eam mais crian\u00e7as negras do que brancas pela 1\u00aa vez"},"content":{"rendered":"\n<p><em>Dados foram divulgados nessa quarta (9) pelo Censo Escolar do MEC<\/em><\/p>\n\n\n\n<p>Por Luiz Claudio Ferreira &#8211; Rep\u00f3rter da Ag\u00eancia Brasil \/ Foto: Angelo Miguel\/MEC<\/p>\n\n\n\n<p><\/p>\n\n\n\n<p>A porcentagem de crian\u00e7as negras (40,2%) em creches brasileiras superou, no ano passado, a de&nbsp;brancas (38,3%)&nbsp;pela primeira vez na hist\u00f3ria. Os dados foram divulgados&nbsp;nessa&nbsp;quarta-feira (9), no Censo Escolar 2024, pelo Minist\u00e9rio da Educa\u00e7\u00e3o (MEC). Em 2023, por exemplo, eram 35,1% brancas e 34,7% negras.<img decoding=\"async\" src=\"https:\/\/agenciabrasil.ebc.com.br\/ebc.png?id=1638373&amp;o=node\"><img decoding=\"async\" src=\"https:\/\/agenciabrasil.ebc.com.br\/ebc.gif?id=1638373&amp;o=node\"><\/p>\n\n\n\n<p><strong>Nas creches p\u00fablicas, especialmente, houve maior eleva\u00e7\u00e3o de crian\u00e7as negras: passaram de 38% para 45%. De acordo com a especialista Mariana Luz, diretora executiva da Funda\u00e7\u00e3o Maria Cec\u00edlia Souto Vidigal (entidade que atua pelos direitos da inf\u00e2ncia), trata-se de um percentual significativo e importante.<\/strong><\/p>\n\n\n\n<blockquote class=\"wp-block-quote is-layout-flow wp-block-quote-is-layout-flow\">\n<p>\u201c\u00c9&nbsp;a primeira vez que h\u00e1 um aumento do n\u00famero de crian\u00e7as negras na s\u00e9rie (hist\u00f3rica). Tamb\u00e9m \u00e9 a primeira vez que o n\u00famero de crian\u00e7as negras ultrapassa o de brancas na creche\u201d, afirmou.&nbsp;<\/p>\n<\/blockquote>\n\n\n\n<p><strong>No entanto, a diretora da entidade alerta para o fato de que essa eleva\u00e7\u00e3o n\u00e3o \u00e9 suficiente e poderia ser maior em vista da necessidade de um processo hist\u00f3rico de repara\u00e7\u00e3o.<\/strong><\/p>\n\n\n\n<blockquote class=\"wp-block-quote is-layout-flow wp-block-quote-is-layout-flow\">\n<p>\u201cAo olharmos para os dados do Cad\u00fanico, sabemos que essas crian\u00e7as s\u00e3o, infelizmente, as mais vulnerabilizadas. E que deveriam ter prioridade para serem inseridas sobretudo nessa busca de inclus\u00e3o na etapa da creche, que \u00e9 volunt\u00e1ria\u201d, pondera.&nbsp;<\/p>\n<\/blockquote>\n\n\n\n<h2 class=\"wp-block-heading\">Busca ativa<\/h2>\n\n\n\n<p><strong>Segundo a especialista, torna-se necess\u00e1ria a busca ativa de crian\u00e7as negras para garantir o direito de estarem na sala de aula. No cen\u00e1rio brasileiro, a maior quantidade de crian\u00e7as est\u00e1 em creches p\u00fablicas (66%).<\/strong><\/p>\n\n\n\n<p>Mariana Luz diz que h\u00e1 uma boa not\u00edcia de que o Brasil vem numa crescente de matr\u00edculas na educa\u00e7\u00e3o infantil, primeiras etapas da educa\u00e7\u00e3o b\u00e1sica. \u201cElas s\u00e3o fases&nbsp;estruturantes para o processo de desenvolvimento da crian\u00e7a. A da primeira inf\u00e2ncia, que comp\u00f5e essas duas etapas escolares, \u00e9 uma fase onde h\u00e1 um pico de desenvolvimento\u201d, observa&nbsp;a especialista.&nbsp;<\/p>\n\n\n\n<h2 class=\"wp-block-heading\">&#8220;A todo o vapor&#8221;<\/h2>\n\n\n\n<p>A fase da educa\u00e7\u00e3o infantil, de acordo com Mariana Luz, \u00e9 quando o c\u00e9rebro est\u00e1 \u201ca todo vapor\u201d e fazendo um milh\u00e3o de conex\u00f5es por segundo. At\u00e9 os seis anos de idade, 90% do c\u00e9rebro se constituem.&nbsp;<\/p>\n\n\n\n<blockquote class=\"wp-block-quote is-layout-flow wp-block-quote-is-layout-flow\">\n<p>\u201cQuando a crian\u00e7a recebe uma educa\u00e7\u00e3o de qualidade na educa\u00e7\u00e3o infantil, ela tem o maior potencial de ter uma jornada educacional ao longo de toda a sua vida, na qual vai aprender at\u00e9 tr\u00eas vezes mais\u201d, diz.<\/p>\n<\/blockquote>\n\n\n\n<p><strong>Entre os impactos da presen\u00e7a das crian\u00e7as na educa\u00e7\u00e3o infantil, h\u00e1, segundo Mariana Luz, o est\u00edmulo ao processo cognitivo e socioemocional e, no futuro, reflexos econ\u00f4micos para as pessoas.<\/strong><\/p>\n\n\n\n<blockquote class=\"wp-block-quote is-layout-flow wp-block-quote-is-layout-flow\">\n<p>\u201cEst\u00e1 comprovado por uma s\u00e9rie de estudos e evid\u00eancias que a educa\u00e7\u00e3o infantil de qualidade gera retornos econ\u00f4micos, como maior inser\u00e7\u00e3o no mercado de trabalho\u201d.&nbsp;<\/p>\n<\/blockquote>\n\n\n\n<p>Para ela, \u00e9 necess\u00e1rio priorizar e considerar urgente essa fase de tend\u00eancia de garantia do acesso. De forma geral, em rela\u00e7\u00e3o \u00e0 creche, o n\u00famero de matr\u00edculas cresceu em 1,5% e 59% das crian\u00e7as est\u00e3o em tempo integral.<\/p>\n\n\n\n<h2 class=\"wp-block-heading\">Estagna\u00e7\u00e3o<\/h2>\n\n\n\n<p>No entanto, a especialista analisa que houve, a par dos crescimentos pontuais, uma estagna\u00e7\u00e3o das matr\u00edculas em creche. \u201cEmbora n\u00e3o tenha havido retrocesso, a melhora n\u00e3o \u00e9 significativa\u201d. O Plano Nacional de Educa\u00e7\u00e3o prev\u00ea uma meta de 50% das crian\u00e7as em creches, mas essa porcentagem ainda est\u00e1 em 38,7%.&nbsp;<\/p>\n\n\n\n<p><strong>Outro alerta trazido no censo \u00e9 que em rela\u00e7\u00e3o \u00e0 pr\u00e9-escola, houve queda de 0,6%.<\/strong><\/p>\n\n\n\n<p>\u201cQuando a gente olha para as crian\u00e7as que est\u00e3o fora da pr\u00e9-escola, notadamente s\u00e3o aquelas em maior vulnerabilidade socioecon\u00f4mica\u201d. S\u00e3o essas crian\u00e7as, conforme analisa a especialista, que mais iriam se beneficiar da inser\u00e7\u00e3o&nbsp;na escola em&nbsp;ambiente de aprendizagem, de desenvolvimento e prote\u00e7\u00e3o.<\/p>\n\n\n\n<p><strong>A responsabilidade com a educa\u00e7\u00e3o infantil \u00e9 da gest\u00e3o municipal. No entanto, Mariana Luz lembra&nbsp;que deve se levar em considera\u00e7\u00e3o o pacto federativo para que os estados e tamb\u00e9m a Uni\u00e3o possam garantir a entrega desse servi\u00e7o com qualidade, infraestrutura e professores qualificados.&nbsp;<\/strong><\/p>\n\n\n\n<p>\u201cUm sistema que de fato olhe para a crian\u00e7a como prioridade absoluta. Que entenda essa fase da vida&nbsp;como a maior janela de oportunidade para quebrar os ciclos intergeracionais de pobreza e para enfrentar as tamanhas desigualdades do nosso pa\u00eds\u201d, disse.<br><\/p>\n","protected":false},"excerpt":{"rendered":"<p>Dados foram divulgados nessa quarta (9) pelo Censo Escolar do MEC Por Luiz Claudio Ferreira<\/p>\n","protected":false},"author":2,"featured_media":102321,"comment_status":"open","ping_status":"open","sticky":false,"template":"","format":"standard","meta":{"footnotes":""},"categories":[17],"tags":[],"class_list":["post-102320","post","type-post","status-publish","format-standard","has-post-thumbnail","hentry","category-outras-noticias"],"_links":{"self":[{"href":"https:\/\/tvc16.com\/portal\/wp-json\/wp\/v2\/posts\/102320","targetHints":{"allow":["GET"]}}],"collection":[{"href":"https:\/\/tvc16.com\/portal\/wp-json\/wp\/v2\/posts"}],"about":[{"href":"https:\/\/tvc16.com\/portal\/wp-json\/wp\/v2\/types\/post"}],"author":[{"embeddable":true,"href":"https:\/\/tvc16.com\/portal\/wp-json\/wp\/v2\/users\/2"}],"replies":[{"embeddable":true,"href":"https:\/\/tvc16.com\/portal\/wp-json\/wp\/v2\/comments?post=102320"}],"version-history":[{"count":1,"href":"https:\/\/tvc16.com\/portal\/wp-json\/wp\/v2\/posts\/102320\/revisions"}],"predecessor-version":[{"id":102322,"href":"https:\/\/tvc16.com\/portal\/wp-json\/wp\/v2\/posts\/102320\/revisions\/102322"}],"wp:featuredmedia":[{"embeddable":true,"href":"https:\/\/tvc16.com\/portal\/wp-json\/wp\/v2\/media\/102321"}],"wp:attachment":[{"href":"https:\/\/tvc16.com\/portal\/wp-json\/wp\/v2\/media?parent=102320"}],"wp:term":[{"taxonomy":"category","embeddable":true,"href":"https:\/\/tvc16.com\/portal\/wp-json\/wp\/v2\/categories?post=102320"},{"taxonomy":"post_tag","embeddable":true,"href":"https:\/\/tvc16.com\/portal\/wp-json\/wp\/v2\/tags?post=102320"}],"curies":[{"name":"wp","href":"https:\/\/api.w.org\/{rel}","templated":true}]}}