{"id":102323,"date":"2025-04-10T08:54:44","date_gmt":"2025-04-10T11:54:44","guid":{"rendered":"https:\/\/tvc16.com\/portal\/?p=102323"},"modified":"2025-04-10T08:54:46","modified_gmt":"2025-04-10T11:54:46","slug":"ex-prefeito-de-nova-friburgo-e-condenado-por-desvios-apos-tragedia","status":"publish","type":"post","link":"https:\/\/tvc16.com\/portal\/2025\/04\/10\/ex-prefeito-de-nova-friburgo-e-condenado-por-desvios-apos-tragedia\/","title":{"rendered":"Ex-prefeito de Nova Friburgo \u00e9 condenado por desvios ap\u00f3s trag\u00e9dia"},"content":{"rendered":"\n<p><em>Cidade foi uma das mais atingidas pelos temporais de 2011 no RJ<\/em><\/p>\n\n\n\n<p>Por Ag\u00eancia Brasil \/ Foto: T\u00e2nia R\u00eago\/Ag\u00eancia Brasil<\/p>\n\n\n\n<p><\/p>\n\n\n\n<p>A Justi\u00e7a Federal condenou o ex-prefeito de Nova Friburgo&nbsp;Dermeval Barboza Moreira Neto e o ex-secret\u00e1rio&nbsp;Jos\u00e9 Ricardo Carvalho de Lima&nbsp;por desvio de verbas p\u00fablicas que ajudariam as v\u00edtimas das chuvas de janeiro de 2011. Aproximadamente 900 pessoas morreram nos deslizamentos e enchentes causados pelos temporais em diversas cidades da Regi\u00e3o Serrana do Rio de Janeiro.<img decoding=\"async\" src=\"https:\/\/agenciabrasil.ebc.com.br\/ebc.png?id=1638271&amp;o=node\"><img decoding=\"async\" src=\"https:\/\/agenciabrasil.ebc.com.br\/ebc.gif?id=1638271&amp;o=node\"><\/p>\n\n\n\n<p>A a\u00e7\u00e3o penal foi movida pelo Minist\u00e9rio P\u00fablico Federal (MPF), que acusou os tr\u00eas de usar as verbas em contrata\u00e7\u00f5es irregulares, execu\u00e7\u00e3o duvidosa de servi\u00e7os e manipula\u00e7\u00e3o de documentos para justificar os desvios.<\/p>\n\n\n\n<p><strong>Eles foram condenados a 9 anos, 10 meses e 10 dias de reclus\u00e3o.<\/strong>&nbsp;Al\u00e9m disso, cada um dele ter\u00e1 de ressarcir os cofres p\u00fablicos em aproximadamente R$ 171 mil. Os r\u00e9us poder\u00e3o recorrer em liberdade.<\/p>\n\n\n\n<h2 class=\"wp-block-heading\">Investiga\u00e7\u00f5es<\/h2>\n\n\n<div class=\"wp-block-image\">\n<figure class=\"aligncenter is-resized\"><img decoding=\"async\" src=\"https:\/\/imagens.ebc.com.br\/kNSNq1u53tWfH31fGfO0EUylSH8=\/365x0\/smart\/https:\/\/agenciabrasil.ebc.com.br\/sites\/default\/files\/thumbnails\/image\/2025\/04\/09\/dermeval.jpg?itok=YEUFUMG6\" alt=\"Nova Friburgo (RJ), 09\/04\/2025 - Ex-prefeito de Nova Friburgo, Dermeval Barbosa. Foto: Prefeitura de Nova Friburgo\/Divulga\u00e7\u00e3o\" style=\"width:443px;height:auto\" title=\"Prefeitura de Nova Friburgo\/Divu\"\/><figcaption class=\"wp-element-caption\">Ex-prefeito de Nova Friburgo, Dermeval Barbosa.\u00a0<strong>Prefeitura de Nova Friburgo\/Divulga\u00e7\u00e3o<\/strong><\/figcaption><\/figure>\n<\/div>\n\n\n<p>O MPF aponta que os r\u00e9us se aproveitaram do estado de calamidade p\u00fablica para justificar contrata\u00e7\u00f5es diretas, sem a devida licita\u00e7\u00e3o. Eles simulavam processos de coleta de pre\u00e7os com or\u00e7amentos falsos ou obtidos de empresas inaptas \u00e0 presta\u00e7\u00e3o dos servi\u00e7os contratados. Os documentos administrativos eram forjados ou alterados retroativamente para encobrir as irregularidades e legitimar pagamentos indevidos.<\/p>\n\n\n\n<p>As fiscaliza\u00e7\u00f5es eram obstru\u00eddas, com respostas omissas ou tardias a requisi\u00e7\u00f5es do MPF. Para o procurador da Rep\u00fablica Lu\u00eds Cl\u00e1udio Senna Consentino, a decis\u00e3o judicial refor\u00e7a a ideia de que pr\u00e1ticas corruptas, sobretudo em contextos de crise, s\u00e3o condutas de alta reprovabilidade e devem culminar com a puni\u00e7\u00e3o dos respons\u00e1veis.<\/p>\n\n\n\n<h2 class=\"wp-block-heading\">Trag\u00e9dia ambiental<\/h2>\n\n\n\n<p><strong>A trag\u00e9dia de 2011 na Regi\u00e3o Serrana do Rio \u00e9 considerada a maior cat\u00e1strofe clim\u00e1tica do Brasil.&nbsp;<\/strong>Foram quatro horas de chuvas, que ultrapassaram acumulados de 200 mil\u00edmetros. Choveu em 24 horas metade do que se esperava para o m\u00eas inteiro.<\/p>\n\n\n\n<p>As enchentes e deslizamentos atingiram sete munic\u00edpios, provocaram a morte de mais de 900 pessoas, cerca de 350 desaparecidos e milhares de desabrigados. Al\u00e9m disso, houve preju\u00edzos graves \u00e0 infraestrutura, economia e geografia dos munic\u00edpios.<\/p>\n\n\n\n<p>Os munic\u00edpios mais afetados foram Nova Friburgo, Teres\u00f3polis, Petr\u00f3polis, Sumidouro, S\u00e3o Jos\u00e9 do Vale do Rio Preto, Bom Jardim, Cachoeiras de Macacu e Areal. Servi\u00e7os essenciais foram interrompidos, como os de luz, \u00e1gua e comunica\u00e7\u00f5es. A opera\u00e7\u00e3o em hospitais e pr\u00e9dios p\u00fablicos foi comprometida, dificultando a resposta emergencial.<br><\/p>\n","protected":false},"excerpt":{"rendered":"<p>Cidade foi uma das mais atingidas pelos temporais de 2011 no RJ Por Ag\u00eancia Brasil<\/p>\n","protected":false},"author":2,"featured_media":102324,"comment_status":"open","ping_status":"open","sticky":false,"template":"","format":"standard","meta":{"footnotes":""},"categories":[17],"tags":[],"class_list":["post-102323","post","type-post","status-publish","format-standard","has-post-thumbnail","hentry","category-outras-noticias"],"_links":{"self":[{"href":"https:\/\/tvc16.com\/portal\/wp-json\/wp\/v2\/posts\/102323","targetHints":{"allow":["GET"]}}],"collection":[{"href":"https:\/\/tvc16.com\/portal\/wp-json\/wp\/v2\/posts"}],"about":[{"href":"https:\/\/tvc16.com\/portal\/wp-json\/wp\/v2\/types\/post"}],"author":[{"embeddable":true,"href":"https:\/\/tvc16.com\/portal\/wp-json\/wp\/v2\/users\/2"}],"replies":[{"embeddable":true,"href":"https:\/\/tvc16.com\/portal\/wp-json\/wp\/v2\/comments?post=102323"}],"version-history":[{"count":1,"href":"https:\/\/tvc16.com\/portal\/wp-json\/wp\/v2\/posts\/102323\/revisions"}],"predecessor-version":[{"id":102325,"href":"https:\/\/tvc16.com\/portal\/wp-json\/wp\/v2\/posts\/102323\/revisions\/102325"}],"wp:featuredmedia":[{"embeddable":true,"href":"https:\/\/tvc16.com\/portal\/wp-json\/wp\/v2\/media\/102324"}],"wp:attachment":[{"href":"https:\/\/tvc16.com\/portal\/wp-json\/wp\/v2\/media?parent=102323"}],"wp:term":[{"taxonomy":"category","embeddable":true,"href":"https:\/\/tvc16.com\/portal\/wp-json\/wp\/v2\/categories?post=102323"},{"taxonomy":"post_tag","embeddable":true,"href":"https:\/\/tvc16.com\/portal\/wp-json\/wp\/v2\/tags?post=102323"}],"curies":[{"name":"wp","href":"https:\/\/api.w.org\/{rel}","templated":true}]}}