{"id":102326,"date":"2025-04-10T08:59:49","date_gmt":"2025-04-10T11:59:49","guid":{"rendered":"https:\/\/tvc16.com\/portal\/?p=102326"},"modified":"2025-04-10T08:59:51","modified_gmt":"2025-04-10T11:59:51","slug":"moraes-nega-pedido-de-silveira-para-trabalhar-e-estudar-fora-da-prisao","status":"publish","type":"post","link":"https:\/\/tvc16.com\/portal\/2025\/04\/10\/moraes-nega-pedido-de-silveira-para-trabalhar-e-estudar-fora-da-prisao\/","title":{"rendered":"Moraes nega pedido de Silveira para trabalhar e estudar fora da pris\u00e3o"},"content":{"rendered":"\n<p><em>Ex-deputado queria fazer aulas em faculdade e trabalhar em academia<\/em><\/p>\n\n\n\n<p>Por Andr\u00e9 Richter &#8211; Rep\u00f3rter da Ag\u00eancia Brasil \/ Foto: Pl\u00ednio Xavier\/C\u00e2mara dos Deputados<\/p>\n\n\n\n<p><\/p>\n\n\n\n<p><strong>O ministro Alexandre de Moraes, do Supremo Tribunal Federal (STF), decidiu nesta quarta-feira (9) negar o pedido do ex-deputado federal Daniel Silveira para trabalhar e estudar fora da pris\u00e3o.<\/strong><img decoding=\"async\" src=\"https:\/\/agenciabrasil.ebc.com.br\/ebc.png?id=1638253&amp;o=node\"><img decoding=\"async\" src=\"https:\/\/agenciabrasil.ebc.com.br\/ebc.gif?id=1638253&amp;o=node\"><\/p>\n\n\n\n<p>A decis\u00e3o do ministro foi motivada por um pedido de trabalho externo feito pela defesa do ex-parlamentar, que est\u00e1 preso no Rio de Janeiro, em regime semiaberto. A \u00edntegra da decis\u00e3o ainda n\u00e3o foi divulgada.<\/p>\n\n\n\n<blockquote class=\"wp-block-quote is-layout-flow wp-block-quote-is-layout-flow\">\n<p>&#8220;Diante do exposto, com base no artigo 21 do Regimento Interno do Supremo Tribunal Federal, indefiro o pedido da defesa de concess\u00e3o de autoriza\u00e7\u00e3o de trabalho e estudo externos&#8221;, decidiu o ministro.&nbsp;<\/p>\n<\/blockquote>\n\n\n\n<h2 class=\"wp-block-heading\">Pedido&nbsp;<\/h2>\n\n\n\n<p>De acordo com o pedido dos advogados,&nbsp;<strong>Daniel Silveira pretendia trabalhar e estudar no per\u00edodo entre 5h30 e 22h30 e retornar \u00e0 Col\u00f4nia Penal de Mag\u00e9 (RJ), onde est\u00e1 preso.<\/strong><\/p>\n\n\n\n<p>Durante as horas em que ficaria fora do pres\u00eddio, a defesa disse que ele iria estudar em uma faculdade e trabalhar no setor administrativo de uma academia.<\/p>\n\n\n\n<blockquote class=\"wp-block-quote is-layout-flow wp-block-quote-is-layout-flow\">\n<p>&#8220;O requerente n\u00e3o \u00e9 um criminoso de alta periculosidade, apenas cometeu o pecado de falar demais no calor da emo\u00e7\u00e3o, assim n\u00e3o oferece nenhum risco \u00e0 sociedade e muito menos ao eminente relator&#8221;, disse a defesa.&nbsp;<\/p>\n<\/blockquote>\n\n\n\n<h2 class=\"wp-block-heading\">Condena\u00e7\u00e3o&nbsp;<\/h2>\n\n\n\n<p>Em 2023,&nbsp;<a href=\"https:\/\/agenciabrasil.ebc.com.br\/justica\/noticia\/2023-05\/moraes-determina-execucao-da-condenacao-de-daniel-silveira\">Silveira foi condenado pela Corte<\/a>&nbsp;a oito anos e nove meses de pris\u00e3o pelos crimes de tentativa de impedir o livre exerc\u00edcio dos poderes e coa\u00e7\u00e3o no curso do processo ao proferir ofensas e amea\u00e7as contra os ministros do STF.<\/p>\n\n\n\n<p>Em dezembro de 2024, ele&nbsp;<a href=\"https:\/\/agenciabrasil.ebc.com.br\/justica\/noticia\/2024-12\/stf-nega-liberdade-condicional-ex-deputado-daniel-silveira\">perdeu o livramento condicional<\/a>&nbsp;ap\u00f3s quebrar a cautelar determinada por Alexandre de Moraes para cumprir recolhimento noturno ap\u00f3s \u00e0s 22h.&nbsp;<br><\/p>\n","protected":false},"excerpt":{"rendered":"<p>Ex-deputado queria fazer aulas em faculdade e trabalhar em academia Por Andr\u00e9 Richter &#8211; Rep\u00f3rter<\/p>\n","protected":false},"author":2,"featured_media":102327,"comment_status":"open","ping_status":"open","sticky":false,"template":"","format":"standard","meta":{"footnotes":""},"categories":[12],"tags":[],"class_list":["post-102326","post","type-post","status-publish","format-standard","has-post-thumbnail","hentry","category-cidade"],"_links":{"self":[{"href":"https:\/\/tvc16.com\/portal\/wp-json\/wp\/v2\/posts\/102326","targetHints":{"allow":["GET"]}}],"collection":[{"href":"https:\/\/tvc16.com\/portal\/wp-json\/wp\/v2\/posts"}],"about":[{"href":"https:\/\/tvc16.com\/portal\/wp-json\/wp\/v2\/types\/post"}],"author":[{"embeddable":true,"href":"https:\/\/tvc16.com\/portal\/wp-json\/wp\/v2\/users\/2"}],"replies":[{"embeddable":true,"href":"https:\/\/tvc16.com\/portal\/wp-json\/wp\/v2\/comments?post=102326"}],"version-history":[{"count":1,"href":"https:\/\/tvc16.com\/portal\/wp-json\/wp\/v2\/posts\/102326\/revisions"}],"predecessor-version":[{"id":102328,"href":"https:\/\/tvc16.com\/portal\/wp-json\/wp\/v2\/posts\/102326\/revisions\/102328"}],"wp:featuredmedia":[{"embeddable":true,"href":"https:\/\/tvc16.com\/portal\/wp-json\/wp\/v2\/media\/102327"}],"wp:attachment":[{"href":"https:\/\/tvc16.com\/portal\/wp-json\/wp\/v2\/media?parent=102326"}],"wp:term":[{"taxonomy":"category","embeddable":true,"href":"https:\/\/tvc16.com\/portal\/wp-json\/wp\/v2\/categories?post=102326"},{"taxonomy":"post_tag","embeddable":true,"href":"https:\/\/tvc16.com\/portal\/wp-json\/wp\/v2\/tags?post=102326"}],"curies":[{"name":"wp","href":"https:\/\/api.w.org\/{rel}","templated":true}]}}