{"id":102329,"date":"2025-04-10T09:02:15","date_gmt":"2025-04-10T12:02:15","guid":{"rendered":"https:\/\/tvc16.com\/portal\/?p=102329"},"modified":"2025-04-10T09:02:17","modified_gmt":"2025-04-10T12:02:17","slug":"cidade-do-rio-estende-vacina-contra-dengue-para-jovens-de-19-e-20-anos","status":"publish","type":"post","link":"https:\/\/tvc16.com\/portal\/2025\/04\/10\/cidade-do-rio-estende-vacina-contra-dengue-para-jovens-de-19-e-20-anos\/","title":{"rendered":"Cidade do Rio estende vacina contra dengue para jovens de 19 e 20 anos"},"content":{"rendered":"\n<p><em>Imunizante tamb\u00e9m est\u00e1 dispon\u00edvel para faixa et\u00e1ria de 10 a 18 anos<\/em><\/p>\n\n\n\n<p>Por T\u00e2mara Freire* &#8211; Rep\u00f3rter da Ag\u00eancia Brasil \/ Foto: Tomaz Silva\/Ag\u00eancia Brasil<\/p>\n\n\n\n<p><\/p>\n\n\n\n<p>A cidade do Rio de Janeiro estendeu a vacina\u00e7\u00e3o contra a dengue para jovens de 19 e 20 anos. Crian\u00e7as e adolescentes de 10 a 18 anos continuam contemplados pela imuniza\u00e7\u00e3o e devem procurar postos de vacina\u00e7\u00e3o na cidade caso ainda n\u00e3o estejam protegidos contra a doen\u00e7a.<img decoding=\"async\" src=\"https:\/\/agenciabrasil.ebc.com.br\/ebc.png?id=1638237&amp;o=node\"><img decoding=\"async\" src=\"https:\/\/agenciabrasil.ebc.com.br\/ebc.gif?id=1638237&amp;o=node\"><\/p>\n\n\n\n<p>De acordo com o Secret\u00e1rio Municipal de Sa\u00fade, Daniel Soranz,&nbsp;<strong>essa nova amplia\u00e7\u00e3o de faixa et\u00e1ria, inicialmente, fica em vigor apenas at\u00e9 o dia 18 deste m\u00eas.&nbsp;<\/strong><\/p>\n\n\n\n<blockquote class=\"wp-block-quote is-layout-flow wp-block-quote-is-layout-flow\">\n<p>\u201cSomente 26 mil doses est\u00e3o disponibilizadas para essa aplica\u00e7\u00e3o. Ent\u00e3o, as pessoas que chegarem primeiro v\u00e3o conseguir tomar&nbsp;a vacina. Os estoques est\u00e3o no final, e, por isso, a gente recomenda que as pessoas procurem as unidades o quanto antes para se vacinar&#8221;, alertou.&nbsp;<\/p>\n<\/blockquote>\n\n\n\n<p>O protocolo de vacina\u00e7\u00e3o contra a dengue estipulado pelo Programa Nacional de Imuniza\u00e7\u00f5es em 2024 prev\u00ea a vacina\u00e7\u00e3o de crian\u00e7as e adolescentes,&nbsp;de 10 a 14 anos, que residem em localidades priorit\u00e1rias, de acordo com o n\u00famero de casos e o risco de infec\u00e7\u00e3o.&nbsp;<\/p>\n\n\n\n<p>No entanto, em 2024, o Minist\u00e9rio da Sa\u00fade enviou 6,5 milh\u00f5es de doses aos estados e munic\u00edpios&nbsp;e apenas 3,3 milh\u00f5es foram aplicadas. Para que as doses n\u00e3o aplicadas sejam aproveitadas, a pasta autorizou o aumento da faixa et\u00e1ria&nbsp;em cidades que tenham doses pr\u00f3ximas ao vencimento.&nbsp;<\/p>\n\n\n\n<p>Na capital fluminense,&nbsp;<strong>todas as 240 unidades de sa\u00fade est\u00e3o aplicando a vacina em esquema de duas doses, com a segunda aplicada tr\u00eas meses ap\u00f3s a primeira.&nbsp;<\/strong><\/p>\n\n\n\n<h2 class=\"wp-block-heading\">Outras formas de preven\u00e7\u00e3o<\/h2>\n\n\n\n<p>As a\u00e7\u00f5es de preven\u00e7\u00e3o contra a dengue incluem principalmente a aten\u00e7\u00e3o para n\u00e3o deixar locais com \u00e1gua descobertos, como caixas d&#8217;\u00e1gua, calhas, bueiros ou vasos de plantas. O mosquito&nbsp;<em>Aedes aegypti<\/em>, que transmite a dengue, a zika e a chikungunha, utiliza esses locais para depositar seus ovos e procriar.&nbsp;<\/p>\n\n\n\n<figure class=\"wp-block-image\"><img decoding=\"async\" src=\"https:\/\/agenciabrasil.ebc.com.br\/sites\/default\/files\/thumbnails\/image\/dengue_1.png\" alt=\"arte dengue \" title=\"Arte\/Ag\u00eancia Brasil\"\/><\/figure>\n\n\n\n<p><em>*Colaborou Tatiana Alves, reporter do Radiojornalismo&nbsp;<\/em><br><\/p>\n","protected":false},"excerpt":{"rendered":"<p>Imunizante tamb\u00e9m est\u00e1 dispon\u00edvel para faixa et\u00e1ria de 10 a 18 anos Por T\u00e2mara Freire*<\/p>\n","protected":false},"author":2,"featured_media":102330,"comment_status":"open","ping_status":"open","sticky":false,"template":"","format":"standard","meta":{"footnotes":""},"categories":[17],"tags":[],"class_list":["post-102329","post","type-post","status-publish","format-standard","has-post-thumbnail","hentry","category-outras-noticias"],"_links":{"self":[{"href":"https:\/\/tvc16.com\/portal\/wp-json\/wp\/v2\/posts\/102329","targetHints":{"allow":["GET"]}}],"collection":[{"href":"https:\/\/tvc16.com\/portal\/wp-json\/wp\/v2\/posts"}],"about":[{"href":"https:\/\/tvc16.com\/portal\/wp-json\/wp\/v2\/types\/post"}],"author":[{"embeddable":true,"href":"https:\/\/tvc16.com\/portal\/wp-json\/wp\/v2\/users\/2"}],"replies":[{"embeddable":true,"href":"https:\/\/tvc16.com\/portal\/wp-json\/wp\/v2\/comments?post=102329"}],"version-history":[{"count":1,"href":"https:\/\/tvc16.com\/portal\/wp-json\/wp\/v2\/posts\/102329\/revisions"}],"predecessor-version":[{"id":102331,"href":"https:\/\/tvc16.com\/portal\/wp-json\/wp\/v2\/posts\/102329\/revisions\/102331"}],"wp:featuredmedia":[{"embeddable":true,"href":"https:\/\/tvc16.com\/portal\/wp-json\/wp\/v2\/media\/102330"}],"wp:attachment":[{"href":"https:\/\/tvc16.com\/portal\/wp-json\/wp\/v2\/media?parent=102329"}],"wp:term":[{"taxonomy":"category","embeddable":true,"href":"https:\/\/tvc16.com\/portal\/wp-json\/wp\/v2\/categories?post=102329"},{"taxonomy":"post_tag","embeddable":true,"href":"https:\/\/tvc16.com\/portal\/wp-json\/wp\/v2\/tags?post=102329"}],"curies":[{"name":"wp","href":"https:\/\/api.w.org\/{rel}","templated":true}]}}