{"id":102332,"date":"2025-04-10T07:00:00","date_gmt":"2025-04-10T10:00:00","guid":{"rendered":"https:\/\/tvc16.com\/portal\/?p=102332"},"modified":"2025-04-10T09:05:36","modified_gmt":"2025-04-10T12:05:36","slug":"com-alta-de-14-no-trimestre-producao-de-motos-e-a-melhor-em-13-anos","status":"publish","type":"post","link":"https:\/\/tvc16.com\/portal\/2025\/04\/10\/com-alta-de-14-no-trimestre-producao-de-motos-e-a-melhor-em-13-anos\/","title":{"rendered":"Com alta de 14% no trimestre, produ\u00e7\u00e3o de motos \u00e9 a melhor em 13 anos"},"content":{"rendered":"\n<p><em>Produ\u00e7\u00e3o de mar\u00e7o teve alta de 1,4% em rela\u00e7\u00e3o ao ano passado<\/em><\/p>\n\n\n\n<p>Por Camila Boehm &#8211; Rep\u00f3rter da Ag\u00eancia Brasil \/ Foto: CNI\/Jos\u00e9 Paulo Lacerda\/Direitos reservados<\/p>\n\n\n\n<p><\/p>\n\n\n\n<p><strong>A produ\u00e7\u00e3o de motocicletas cresceu 14,4% no primeiro trimestre deste ano na compara\u00e7\u00e3o com o mesmo per\u00edodo do ano anterior.<\/strong>&nbsp;Foram&nbsp;<strong>501.142 motocicletas produzidas<\/strong>&nbsp;no Polo Industrial de Manaus (AM).&nbsp;<img decoding=\"async\" src=\"https:\/\/agenciabrasil.ebc.com.br\/ebc.png?id=1638245&amp;o=node\"><img decoding=\"async\" src=\"https:\/\/agenciabrasil.ebc.com.br\/ebc.gif?id=1638245&amp;o=node\"><\/p>\n\n\n\n<p>Os dados s\u00e3o da Associa\u00e7\u00e3o Brasileira dos Fabricantes de Motocicletas, Ciclomotores, Motonetas, Bicicletas e Similares (Abraciclo), e foram divulgados nesta quarta-feira (9).&nbsp;<strong>A entidade afirmou que tanto o desempenho mensal quanto o trimestral, em n\u00fameros absolutos, foram os melhores dos \u00faltimos 13 anos.&nbsp;<\/strong><\/p>\n\n\n\n<p>No m\u00eas de mar\u00e7o, foram fabricadas 158.343 unidades, o que representa alta de 1,4% em rela\u00e7\u00e3o ao mesmo m\u00eas do ano passado. Na compara\u00e7\u00e3o com fevereiro, houve retra\u00e7\u00e3o de 10,4% por causa do feriado de Carnaval, com menos dias \u00fateis, conforme apontou a Abraciclo.<\/p>\n\n\n\n<blockquote class=\"wp-block-quote is-layout-flow wp-block-quote-is-layout-flow\">\n<p>\u201cO Polo de Duas Rodas em Manaus segue em forte ritmo de produ\u00e7\u00e3o para atender \u00e0 alta demanda do mercado, que encontra na motocicleta uma alternativa econ\u00f4mica para a mobilidade urbana e utiliza\u00e7\u00e3o profissional\u201d, disse, em nota, Marcos Bento, presidente da Abraciclo.<\/p>\n<\/blockquote>\n\n\n\n<p>Segundo estimativa da entidade,&nbsp;<strong>a previs\u00e3o \u00e9 fechar este ano com 1,8 milh\u00e3o de unidades produzidas, alta de 7,5% em rela\u00e7\u00e3o ao ano anterior.<\/strong><\/p>\n\n\n\n<h2 class=\"wp-block-heading\">Categorias<\/h2>\n\n\n\n<p><strong>As categorias que tiveram maior produ\u00e7\u00e3o tanto no primeiro trimestre como no m\u00eas de mar\u00e7o foram a&nbsp;<em>street&nbsp;<\/em>(baixa ou m\u00e9dia cilindrada para uso urbano),&nbsp;<em>trail&nbsp;<\/em>(utilizada em vias pavimentadas e estradas de ch\u00e3o) e a motoneta.&nbsp;<\/strong><\/p>\n\n\n\n<p>Nos tr\u00eas primeiros meses do ano, a&nbsp;<em>street&nbsp;<\/em>totalizou 259.948 unidades fabricadas (51,9% do volume total). Em segundo lugar, ficou a&nbsp;<em>trail&nbsp;<\/em>(20,2% da produ\u00e7\u00e3o), seguida pela Motoneta (com 13,4%).<\/p>\n\n\n\n<p><strong>Produ\u00e7\u00e3o em mar\u00e7o:<\/strong><\/p>\n\n\n\n<ul class=\"wp-block-list\">\n<li><em>Street<\/em>: 80.271 unidades fabricadas (50,7% do total)<\/li>\n\n\n\n<li><em>Trail<\/em>: 32.148 unidades fabricadas (20,3% do total)\u00a0<\/li>\n\n\n\n<li>Motoneta: 21.400 unidades fabricadas (13,5% do total)<\/li>\n<\/ul>\n\n\n\n<p>As motocicletas de baixa cilindrada foram as mais produzidas em mar\u00e7o com 123.081 unidades, o que corresponde a 77,7% do volume de produ\u00e7\u00e3o. Em segundo lugar, ficaram os modelos de m\u00e9dia cilindrada (20,4% da fabrica\u00e7\u00e3o) e em terceiro, as motocicletas de alta cilindrada (com 1,9% de participa\u00e7\u00e3o).<\/p>\n\n\n\n<h2 class=\"wp-block-heading\">Varejo<\/h2>\n\n\n\n<p><strong>Esse foi o melhor primeiro trimestre e o melhor m\u00eas de mar\u00e7o registrados na hist\u00f3ria do varejo, segundo a Abraciclo.<\/strong>&nbsp;Nos tr\u00eas primeiros meses, foram licenciadas 474.023 motocicletas, alta de 9,6% na compara\u00e7\u00e3o com o mesmo per\u00edodo do ano passado.<\/p>\n\n\n\n<p>No desempenho mensal, os emplacamentos totalizaram 166.051 unidades, crescimento de 8,7% na compara\u00e7\u00e3o com o mesmo m\u00eas de 2024, e de 6,5% na compara\u00e7\u00e3o com fevereiro. A m\u00e9dia de vendas di\u00e1rias em mar\u00e7o, que teve 19 dias \u00fateis, foi de 8.740 unidades.<\/p>\n\n\n\n<p>A proje\u00e7\u00e3o da entidade para este ano \u00e9 de que 2 milh\u00f5es de motocicletas sejam comercializadas no varejo, o que significaria alta de 7,7% na compara\u00e7\u00e3o com 2024.<\/p>\n\n\n\n<h2 class=\"wp-block-heading\">Exporta\u00e7\u00f5es<\/h2>\n\n\n\n<p><strong>No primeiro trimestre do ano, foram 9.643 motocicletas destinadas para o mercado externo, aumento de 2,8% na compara\u00e7\u00e3o com o mesmo per\u00edodo de 2024.&nbsp;<\/strong><\/p>\n\n\n\n<p>Desse total, 4.043 unidades foram exportadas em mar\u00e7o. O volume \u00e9 1,2% menor do que o registrado no mesmo m\u00eas do ano passado e 44,8% superior ao registrado em fevereiro.<\/p>\n\n\n\n<p>A Abraciclo estima que as exporta\u00e7\u00f5es totalizem 35 mil unidades, o que corresponderia a um crescimento de 13% em rela\u00e7\u00e3o ao ano passado.<br><\/p>\n","protected":false},"excerpt":{"rendered":"<p>Produ\u00e7\u00e3o de mar\u00e7o teve alta de 1,4% em rela\u00e7\u00e3o ao ano passado Por Camila Boehm<\/p>\n","protected":false},"author":2,"featured_media":102333,"comment_status":"open","ping_status":"open","sticky":false,"template":"","format":"standard","meta":{"footnotes":""},"categories":[17],"tags":[],"class_list":["post-102332","post","type-post","status-publish","format-standard","has-post-thumbnail","hentry","category-outras-noticias"],"_links":{"self":[{"href":"https:\/\/tvc16.com\/portal\/wp-json\/wp\/v2\/posts\/102332","targetHints":{"allow":["GET"]}}],"collection":[{"href":"https:\/\/tvc16.com\/portal\/wp-json\/wp\/v2\/posts"}],"about":[{"href":"https:\/\/tvc16.com\/portal\/wp-json\/wp\/v2\/types\/post"}],"author":[{"embeddable":true,"href":"https:\/\/tvc16.com\/portal\/wp-json\/wp\/v2\/users\/2"}],"replies":[{"embeddable":true,"href":"https:\/\/tvc16.com\/portal\/wp-json\/wp\/v2\/comments?post=102332"}],"version-history":[{"count":1,"href":"https:\/\/tvc16.com\/portal\/wp-json\/wp\/v2\/posts\/102332\/revisions"}],"predecessor-version":[{"id":102334,"href":"https:\/\/tvc16.com\/portal\/wp-json\/wp\/v2\/posts\/102332\/revisions\/102334"}],"wp:featuredmedia":[{"embeddable":true,"href":"https:\/\/tvc16.com\/portal\/wp-json\/wp\/v2\/media\/102333"}],"wp:attachment":[{"href":"https:\/\/tvc16.com\/portal\/wp-json\/wp\/v2\/media?parent=102332"}],"wp:term":[{"taxonomy":"category","embeddable":true,"href":"https:\/\/tvc16.com\/portal\/wp-json\/wp\/v2\/categories?post=102332"},{"taxonomy":"post_tag","embeddable":true,"href":"https:\/\/tvc16.com\/portal\/wp-json\/wp\/v2\/tags?post=102332"}],"curies":[{"name":"wp","href":"https:\/\/api.w.org\/{rel}","templated":true}]}}