{"id":10234,"date":"2021-02-10T23:12:29","date_gmt":"2021-02-11T02:12:29","guid":{"rendered":"https:\/\/tvc16.com\/portal\/?p=10234"},"modified":"2021-02-10T23:12:31","modified_gmt":"2021-02-11T02:12:31","slug":"novo-periodo-de-provas-do-vestibular-ucp-e-aberto-ate-28-de-fevereiro","status":"publish","type":"post","link":"https:\/\/tvc16.com\/portal\/2021\/02\/10\/novo-periodo-de-provas-do-vestibular-ucp-e-aberto-ate-28-de-fevereiro\/","title":{"rendered":"Novo per\u00edodo de provas do vestibular UCP \u00e9 aberto at\u00e9 28 de fevereiro"},"content":{"rendered":"\n<p><em>Inscri\u00e7\u00f5es podem ser feitas at\u00e9 dia 25; processo seletivo \u00e9 para cursos presenciais e EAD<\/em><\/p>\n\n\n\n<p>A Universidade Cat\u00f3lica de Petr\u00f3polis (UCP) estendeu o seu vestibular 2021 e abriu um novo per\u00edodo de provas \u2013 para ingresso j\u00e1 neste semestre &#8211; que come\u00e7ou nesta ter\u00e7a-feira (09) e vai at\u00e9 o dia 28 de fevereiro. As inscri\u00e7\u00f5es podem ser feitas at\u00e9 o dia 25 pelo site\u00a0<a rel=\"noreferrer noopener\" target=\"_blank\" href=\"http:\/\/vestibular.ucp.br\">vestibular.ucp.br<\/a>. Tamb\u00e9m foram prorrogadas at\u00e9 25 de fevereiro as inscri\u00e7\u00f5es para outras formas de ingresso: Enem, transfer\u00eancia e segunda gradua\u00e7\u00e3o.<\/p>\n\n\n\n<p>O processo seletivo \u00e9 v\u00e1lido para os cursos de gradua\u00e7\u00e3o presenciais oferecidos pela Universidade e, tamb\u00e9m, para os ofertados na modalidade de ensino a dist\u00e2ncia, que neste ano trouxe novidades com a gradua\u00e7\u00e3o em Teologia (bacharelado) e em Filosofia (bacharelado e licenciatura).<\/p>\n\n\n\n<p>Vale lembrar que al\u00e9m do vestibular, a UCP tamb\u00e9m disponibiliza o ingresso pela nota do Enem, por transfer\u00eancia de outra institui\u00e7\u00e3o e quem deseja cursar a segunda gradua\u00e7\u00e3o. O interessado que optar por uma dessas tr\u00eas formas de ingresso tamb\u00e9m precisa fazer a sua inscri\u00e7\u00e3o no site&nbsp;<a rel=\"noreferrer noopener\" target=\"_blank\" href=\"http:\/\/vestibular.ucp.br\">vestibular.ucp.br<\/a>.<\/p>\n\n\n\n<p>Todas as informa\u00e7\u00f5es sobre o vestibular, cursos e outras formas de ingresso na UCP podem ser conferidas no site&nbsp;<a rel=\"noreferrer noopener\" target=\"_blank\" href=\"http:\/\/vestibular.ucp.br\">vestibular.ucp.br<\/a>.<\/p>\n","protected":false},"excerpt":{"rendered":"<p>Inscri\u00e7\u00f5es podem ser feitas at\u00e9 dia 25; processo seletivo \u00e9 para cursos presenciais e EAD<\/p>\n","protected":false},"author":2,"featured_media":10235,"comment_status":"open","ping_status":"open","sticky":false,"template":"","format":"standard","meta":{"footnotes":""},"categories":[12],"tags":[],"class_list":["post-10234","post","type-post","status-publish","format-standard","has-post-thumbnail","hentry","category-cidade"],"_links":{"self":[{"href":"https:\/\/tvc16.com\/portal\/wp-json\/wp\/v2\/posts\/10234","targetHints":{"allow":["GET"]}}],"collection":[{"href":"https:\/\/tvc16.com\/portal\/wp-json\/wp\/v2\/posts"}],"about":[{"href":"https:\/\/tvc16.com\/portal\/wp-json\/wp\/v2\/types\/post"}],"author":[{"embeddable":true,"href":"https:\/\/tvc16.com\/portal\/wp-json\/wp\/v2\/users\/2"}],"replies":[{"embeddable":true,"href":"https:\/\/tvc16.com\/portal\/wp-json\/wp\/v2\/comments?post=10234"}],"version-history":[{"count":1,"href":"https:\/\/tvc16.com\/portal\/wp-json\/wp\/v2\/posts\/10234\/revisions"}],"predecessor-version":[{"id":10236,"href":"https:\/\/tvc16.com\/portal\/wp-json\/wp\/v2\/posts\/10234\/revisions\/10236"}],"wp:featuredmedia":[{"embeddable":true,"href":"https:\/\/tvc16.com\/portal\/wp-json\/wp\/v2\/media\/10235"}],"wp:attachment":[{"href":"https:\/\/tvc16.com\/portal\/wp-json\/wp\/v2\/media?parent=10234"}],"wp:term":[{"taxonomy":"category","embeddable":true,"href":"https:\/\/tvc16.com\/portal\/wp-json\/wp\/v2\/categories?post=10234"},{"taxonomy":"post_tag","embeddable":true,"href":"https:\/\/tvc16.com\/portal\/wp-json\/wp\/v2\/tags?post=10234"}],"curies":[{"name":"wp","href":"https:\/\/api.w.org\/{rel}","templated":true}]}}