{"id":102341,"date":"2025-04-10T08:40:00","date_gmt":"2025-04-10T11:40:00","guid":{"rendered":"https:\/\/tvc16.com\/portal\/?p=102341"},"modified":"2025-04-10T09:13:44","modified_gmt":"2025-04-10T12:13:44","slug":"rio-feriadao-de-abril-deve-injetar-mais-de-r-100-milhoes-na-economia","status":"publish","type":"post","link":"https:\/\/tvc16.com\/portal\/2025\/04\/10\/rio-feriadao-de-abril-deve-injetar-mais-de-r-100-milhoes-na-economia\/","title":{"rendered":"Rio: feriad\u00e3o de abril deve injetar mais de R$ 100 milh\u00f5es na economia"},"content":{"rendered":"\n<p><em>Estimativa inclui gastos com hospedagem e turismo de 18 a 23 de abril<\/em><\/p>\n\n\n\n<p>Por Douglas Corr\u00eaa &#8211; Rep\u00f3rter da Ag\u00eancia Brasil \/ Foto: T\u00e2nia R\u00eago\/Ag\u00eancia Brasil<\/p>\n\n\n\n<p><\/p>\n\n\n\n<p><strong>O feriad\u00e3o de seis dias consecutivos em abril deve injetar cerca de R$ 103 milh\u00f5es na economia carioca e arrecadar R$ 5 milh\u00f5es em Imposto Sobre Servi\u00e7os (ISS).&nbsp;<\/strong>O impacto econ\u00f4mico foi realizado pelo Visit Rio Convention Bureau, estimando o potencial de gastos de hospedagem e servi\u00e7os ligados ao turismo da cidade entre 18 e 23 de abril.<img decoding=\"async\" src=\"https:\/\/agenciabrasil.ebc.com.br\/ebc.png?id=1638332&amp;o=node\"><img decoding=\"async\" src=\"https:\/\/agenciabrasil.ebc.com.br\/ebc.gif?id=1638332&amp;o=node\"><\/p>\n\n\n\n<p><strong>Na sexta-feira (18) \u00e9 feriado nacional da Paix\u00e3o de Cristo. Na segunda (21) \u00e9 feriado nacional de Tiradentes; e no dia 23, a data \u00e9 dedicada&nbsp;ao feriado estadual de S\u00e3o Jorge. O carioca vai poder emendar seis dias diretos, porque o governo do estado e a prefeitura do Rio decretaram ponto facultativo no dia 22.<\/strong><br><br><strong>A expectativa \u00e9 de que a rede hoteleira tenha ocupa\u00e7\u00e3o m\u00e9dia de 85%, podendo chegar a 95% em 19 de abril<\/strong>. A rede hoteleira da zona oeste lidera com 92,6% de ocupa\u00e7\u00e3o at\u00e9 agora. A zona sul aparece em segundo lugar, com 84,10%, seguida da regi\u00e3o central da cidade (72,38%) da rede hoteleira.<br><br>O presidente do Visit Rio Bureau, Carlos Werneck disse que \u201cesses n\u00fameros revelam n\u00e3o apenas uma intensa movimenta\u00e7\u00e3o tur\u00edstica, mas um verdadeiro impulso econ\u00f4mico para toda a cidade. O impacto vai muito al\u00e9m da rede hoteleira, beneficiando toda a cadeia produtiva do turismo\u201d, avaliou.<\/p>\n\n\n\n<h2 class=\"wp-block-heading\">Eventos<\/h2>\n\n\n\n<p>O Rio ter\u00e1 12 grandes eventos&nbsp;no per\u00edodo, incluindo competi\u00e7\u00f5es esportivas como o Campeonato Sul-Americano de T\u00eanis de Mesa 2025, o Crossfit Copa Sur 2025 e o Triathlon Sprint &amp; Standard. No entretenimento, destacam-se a Tardezinha Rio de Janeiro, o show comemorativo Scorpions 60 anos e a Corrida da Mesa do Imperador, no Parque Nacional da Tijuca, entre outras atra\u00e7\u00f5es.<br><\/p>\n","protected":false},"excerpt":{"rendered":"<p>Estimativa inclui gastos com hospedagem e turismo de 18 a 23 de abril Por Douglas<\/p>\n","protected":false},"author":2,"featured_media":102342,"comment_status":"open","ping_status":"open","sticky":false,"template":"","format":"standard","meta":{"footnotes":""},"categories":[17],"tags":[],"class_list":["post-102341","post","type-post","status-publish","format-standard","has-post-thumbnail","hentry","category-outras-noticias"],"_links":{"self":[{"href":"https:\/\/tvc16.com\/portal\/wp-json\/wp\/v2\/posts\/102341","targetHints":{"allow":["GET"]}}],"collection":[{"href":"https:\/\/tvc16.com\/portal\/wp-json\/wp\/v2\/posts"}],"about":[{"href":"https:\/\/tvc16.com\/portal\/wp-json\/wp\/v2\/types\/post"}],"author":[{"embeddable":true,"href":"https:\/\/tvc16.com\/portal\/wp-json\/wp\/v2\/users\/2"}],"replies":[{"embeddable":true,"href":"https:\/\/tvc16.com\/portal\/wp-json\/wp\/v2\/comments?post=102341"}],"version-history":[{"count":1,"href":"https:\/\/tvc16.com\/portal\/wp-json\/wp\/v2\/posts\/102341\/revisions"}],"predecessor-version":[{"id":102343,"href":"https:\/\/tvc16.com\/portal\/wp-json\/wp\/v2\/posts\/102341\/revisions\/102343"}],"wp:featuredmedia":[{"embeddable":true,"href":"https:\/\/tvc16.com\/portal\/wp-json\/wp\/v2\/media\/102342"}],"wp:attachment":[{"href":"https:\/\/tvc16.com\/portal\/wp-json\/wp\/v2\/media?parent=102341"}],"wp:term":[{"taxonomy":"category","embeddable":true,"href":"https:\/\/tvc16.com\/portal\/wp-json\/wp\/v2\/categories?post=102341"},{"taxonomy":"post_tag","embeddable":true,"href":"https:\/\/tvc16.com\/portal\/wp-json\/wp\/v2\/tags?post=102341"}],"curies":[{"name":"wp","href":"https:\/\/api.w.org\/{rel}","templated":true}]}}