{"id":102346,"date":"2025-04-10T07:00:00","date_gmt":"2025-04-10T10:00:00","guid":{"rendered":"https:\/\/tvc16.com\/portal\/?p=102346"},"modified":"2025-04-10T09:18:18","modified_gmt":"2025-04-10T12:18:18","slug":"matriculas-no-ensino-profissionalizante-crescem-em-2024","status":"publish","type":"post","link":"https:\/\/tvc16.com\/portal\/2025\/04\/10\/matriculas-no-ensino-profissionalizante-crescem-em-2024\/","title":{"rendered":"Matr\u00edculas no ensino profissionalizante crescem em 2024"},"content":{"rendered":"\n<p><em>Ministro da Educa\u00e7\u00e3o diz que governo trabalha para ampliar vagas<\/em><\/p>\n\n\n\n<p>Por Daniella Almeida &#8211; Rep\u00f3rter da Ag\u00eancia Brasil \/ Foto: Marcelo Camargo\/Ag\u00eancia Brasil<\/p>\n\n\n\n<p><\/p>\n\n\n\n<p><strong>O ensino profissionalizante no Brasil registrou em 2024 um total de 2,57 milh\u00f5es de matr\u00edculas, o que representa um crescimento de 2,4 vezes em rela\u00e7\u00e3o ao registrado em 2023<\/strong>.&nbsp;Desse total, 1,57 milh\u00e3o de matr\u00edculas est\u00e3o na rede p\u00fablica.&nbsp;<img decoding=\"async\" src=\"https:\/\/agenciabrasil.ebc.com.br\/ebc.png?id=1638274&amp;o=node\"><img decoding=\"async\" src=\"https:\/\/agenciabrasil.ebc.com.br\/ebc.gif?id=1638274&amp;o=node\"><\/p>\n\n\n\n<p>Os dados da educa\u00e7\u00e3o profissional e tecnol\u00f3gica (EPT) no ensino m\u00e9dio s\u00e3o do&nbsp;<a href=\"https:\/\/agenciabrasil.ebc.com.br\/educacao\/noticia\/2025-04\/censo-escolar-matriculas-para-educacao-em-tempo-integral-aumentam\">Censo Escolar 2024<\/a>.<\/p>\n\n\n\n<p><strong>Se considerado o ensino m\u00e9dio regular combinado com curso t\u00e9cnico ou de magist\u00e9rio, a propor\u00e7\u00e3o de matr\u00edculas no ensino m\u00e9dio regular nestes programas vocacionais cresceu de 12,5% do total de matr\u00edculas em 2021 para 17,2%, no ano passado.<\/strong><\/p>\n\n\n\n<p>Ao divulgar o Censo nesta quarta-feira (9), o ministro da Educa\u00e7\u00e3o, Camilo Santana, comentou que o governo trabalha para ampliar as matr\u00edculas do ensino t\u00e9cnico no ensino m\u00e9dio brasileiro.&nbsp;<\/p>\n\n\n\n<blockquote class=\"wp-block-quote is-layout-flow wp-block-quote-is-layout-flow\">\n<p>\u201cNosso desejo \u00e9 colocar o Brasil nos patamares dos pa\u00edses da OCDE [Organiza\u00e7\u00e3o para a Coopera\u00e7\u00e3o e Desenvolvimento Econ\u00f4mico]. \u00c9 ousadia minha?\u201d, perguntou Camilo.<\/p>\n<\/blockquote>\n\n\n\n<p>Entre os estados, o destaque do ensino profissional e tecnol\u00f3gico \u00e9 o Piau\u00ed, com a propor\u00e7\u00e3o de 52,4% da matr\u00edcula no ensino m\u00e9dio regular nos chamados programas vocacionais.<\/p>\n\n\n\n<p>Sobre a distribui\u00e7\u00e3o da matr\u00edcula de educa\u00e7\u00e3o profissional na rede p\u00fablica, 74,3% s\u00e3o em cursos oferecidos na rede p\u00fablica estadual; 21,4%, na federal; e 4,3% na rede municipal.<\/p>\n\n\n\n<h2 class=\"wp-block-heading\">Metas e investimentos<\/h2>\n\n\n\n<p><strong>O atual Plano Nacional de Educa\u00e7\u00e3o (PNE) \u2013 de 2014 a 2025 \u2013 prev\u00ea alcan\u00e7ar 4,8 milh\u00f5es de matr\u00edculas da educa\u00e7\u00e3o profissional t\u00e9cnica de n\u00edvel m\u00e9dio.<\/strong><\/p>\n\n\n\n<p>Na educa\u00e7\u00e3o de jovens e adultos, a meta do PNE prev\u00ea a oferta de, no m\u00ednimo, 25% das matr\u00edculas nos ensinos fundamental e m\u00e9dio da EJA, na forma integrada \u00e0 educa\u00e7\u00e3o profissional.<\/p>\n\n\n\n<p>Para isso,&nbsp;<strong>o governo federal&nbsp;<a href=\"http:\/\/agenciabrasil.ebc.com.br\/educacao\/noticia\/2025-03\/mec-lanca-programa-para-ampliar-acesso-de-estudantes-ao-ensino-tecnico\">est\u00e1 implantando 102 novos&nbsp;<\/a><em><a href=\"http:\/\/agenciabrasil.ebc.com.br\/educacao\/noticia\/2025-03\/mec-lanca-programa-para-ampliar-acesso-de-estudantes-ao-ensino-tecnico\">campi<\/a>&nbsp;<\/em>de institutos federais de Educa\u00e7\u00e3o, Ci\u00eancia e\u202fTecnologia (IFs)&nbsp;<\/strong>em todo o Brasil, com investimento de R$ 2,5 bilh\u00f5es.<\/p>\n\n\n\n<p>O objetivo \u00e9 oferecer 140 mil novas vagas, prioritariamente de cursos t\u00e9cnicos integrados ao ensino m\u00e9dio em todo o pa\u00eds. Al\u00e9m disso, o MEC divulgou que tem repassado mais R$ 1,4 bilh\u00e3o para a melhor os institutos federais existentes.<\/p>\n\n\n\n<p>Para fortalecer e ampliar essa modalidade de ensino, o governo federal instituiu tamb\u00e9m o Programa de Pleno Pagamento de D\u00edvidas dos Estados (Propag), que cria condi\u00e7\u00f5es para\u202fque\u202fos governos estaduais revertam parte dos juros de suas d\u00edvidas com a Uni\u00e3o em matr\u00edculas de educa\u00e7\u00e3o profissional t\u00e9cnica de n\u00edvel m\u00e9dio, a partir de 2026.&nbsp;<\/p>\n\n\n\n<p>\u201cCom o Propag, priorizamos que os recursos que ser\u00e3o investidos pelos estados pactuados com o Minist\u00e9rio da Fazenda sejam para ampliar as matr\u00edculas do ensino t\u00e9cnico no ensino m\u00e9dio brasileiro\u201d, frisou o ministro da Educa\u00e7\u00e3o, Camilo Santana.<br><\/p>\n","protected":false},"excerpt":{"rendered":"<p>Ministro da Educa\u00e7\u00e3o diz que governo trabalha para ampliar vagas Por Daniella Almeida &#8211; Rep\u00f3rter<\/p>\n","protected":false},"author":2,"featured_media":102347,"comment_status":"open","ping_status":"open","sticky":false,"template":"","format":"standard","meta":{"footnotes":""},"categories":[17],"tags":[],"class_list":["post-102346","post","type-post","status-publish","format-standard","has-post-thumbnail","hentry","category-outras-noticias"],"_links":{"self":[{"href":"https:\/\/tvc16.com\/portal\/wp-json\/wp\/v2\/posts\/102346","targetHints":{"allow":["GET"]}}],"collection":[{"href":"https:\/\/tvc16.com\/portal\/wp-json\/wp\/v2\/posts"}],"about":[{"href":"https:\/\/tvc16.com\/portal\/wp-json\/wp\/v2\/types\/post"}],"author":[{"embeddable":true,"href":"https:\/\/tvc16.com\/portal\/wp-json\/wp\/v2\/users\/2"}],"replies":[{"embeddable":true,"href":"https:\/\/tvc16.com\/portal\/wp-json\/wp\/v2\/comments?post=102346"}],"version-history":[{"count":1,"href":"https:\/\/tvc16.com\/portal\/wp-json\/wp\/v2\/posts\/102346\/revisions"}],"predecessor-version":[{"id":102348,"href":"https:\/\/tvc16.com\/portal\/wp-json\/wp\/v2\/posts\/102346\/revisions\/102348"}],"wp:featuredmedia":[{"embeddable":true,"href":"https:\/\/tvc16.com\/portal\/wp-json\/wp\/v2\/media\/102347"}],"wp:attachment":[{"href":"https:\/\/tvc16.com\/portal\/wp-json\/wp\/v2\/media?parent=102346"}],"wp:term":[{"taxonomy":"category","embeddable":true,"href":"https:\/\/tvc16.com\/portal\/wp-json\/wp\/v2\/categories?post=102346"},{"taxonomy":"post_tag","embeddable":true,"href":"https:\/\/tvc16.com\/portal\/wp-json\/wp\/v2\/tags?post=102346"}],"curies":[{"name":"wp","href":"https:\/\/api.w.org\/{rel}","templated":true}]}}