{"id":102352,"date":"2025-04-10T11:46:36","date_gmt":"2025-04-10T14:46:36","guid":{"rendered":"https:\/\/tvc16.com\/portal\/?p=102352"},"modified":"2025-04-10T11:46:37","modified_gmt":"2025-04-10T14:46:37","slug":"prouni-convocados-da-lista-de-espera-devem-entregar-dados-ate-sexta","status":"publish","type":"post","link":"https:\/\/tvc16.com\/portal\/2025\/04\/10\/prouni-convocados-da-lista-de-espera-devem-entregar-dados-ate-sexta\/","title":{"rendered":"Prouni: convocados da lista de espera devem entregar dados at\u00e9 sexta"},"content":{"rendered":"\n<p>Por Daniella Almeida &#8211; Rep\u00f3rter da Ag\u00eancia Brasil \/ Foto: Rafa Neddermeyer\/Ag\u00eancia Brasil<\/p>\n\n\n\n<p><\/p>\n\n\n\n<p><strong>O prazo para&nbsp;os pr\u00e9-selecionados na lista de espera para bolsas do Programa Universidade para Todos (Prouni) do primeiro semestre de 2025&nbsp;entregarem os documentos para a institui\u00e7\u00e3o de ensino superior escolhida termina nesta sexta-feira (11)<\/strong>. Os documentos devem comprovar\u202fas informa\u00e7\u00f5es prestadas no momento da inscri\u00e7\u00e3o.<img decoding=\"async\" src=\"https:\/\/agenciabrasil.ebc.com.br\/ebc.png?id=1638397&amp;o=node\"><img decoding=\"async\" src=\"https:\/\/agenciabrasil.ebc.com.br\/ebc.gif?id=1638397&amp;o=node\"><\/p>\n\n\n\n<p>A faculdade privada define se a entrega da documenta\u00e7\u00e3o pode ser feita virtualmente ou de forma presencial&nbsp;na pr\u00f3pria faculdade onde o candidato foi selecionado.<\/p>\n\n\n\n<p><strong>Todo o processo \u00e9 gratuito e as informa\u00e7\u00f5es oficiais s\u00e3o divulgadas no&nbsp;<a href=\"http:\/\/gov.br\/mec\" target=\"_blank\" rel=\"noreferrer noopener\">site<\/a>&nbsp;e nas&nbsp;<a href=\"https:\/\/www.instagram.com\/p\/DIQ54oSSQuP\/\" target=\"_blank\" rel=\"noreferrer noopener\">redes sociais do Minist\u00e9rio da Educa\u00e7\u00e3o (MEC)<\/a>.<\/strong>&nbsp;<\/p>\n\n\n\n<p><strong>O ProUni oferta bolsas de estudo integrais (100%) e parciais (50%)&nbsp;do valor da mensalidade&nbsp;em cursos de gradua\u00e7\u00e3o de institui\u00e7\u00f5es de educa\u00e7\u00e3o superior privadas<\/strong>.\u202fO p\u00fablico alvo do programa s\u00e3o os estudantes brasileiros sem diploma de n\u00edvel superior.<\/p>\n\n\n\n<h2 class=\"wp-block-heading\">Documentos<\/h2>\n\n\n\n<p><strong>Os candidatos j\u00e1 podem conferir online o resultado da sele\u00e7\u00e3o no&nbsp;<a href=\"https:\/\/prounialuno.mec.gov.br\/\" target=\"_blank\" rel=\"noreferrer noopener\">Portal \u00danico de Acesso ao Ensino Superior<\/a>, na aba do ProUni com Cadastro de Pessoa F\u00edsica (CPF) e senha da conta da plataforma de servi\u00e7os digitais do governo federal, o&nbsp;<a href=\"https:\/\/prounialuno.mec.gov.br\/\" target=\"_blank\" rel=\"noreferrer noopener\">Gov.br<\/a>.<\/strong><\/p>\n\n\n\n<p>Se o candidato tiver a documenta\u00e7\u00e3o aprovada, poder\u00e1 ingressar no ensino superior no Prouni ainda no primeiro semestre de 2025.<\/p>\n\n\n\n<p>De acordo com o<strong>&nbsp;edital do Prouni 2025\/1<\/strong>, entre os documentos exigidos dos estudantes est\u00e3o o de identifica\u00e7\u00e3o do candidato e dos membros do grupo familiar, al\u00e9m dos comprovantes de resid\u00eancia; de onde cursou o ensino m\u00e9dio; de rendimentos; e quando for o caso, se \u00e9 professor da educa\u00e7\u00e3o b\u00e1sica, se houve separa\u00e7\u00e3o, div\u00f3rcio ou \u00f3bito dos pais; ou se \u00e9 pessoa com defici\u00eancia.<\/p>\n\n\n\n<p><strong>Para ser benefici\u00e1rio das bolsas integrais, o inscrito deve ter a renda familiar bruta mensal por pessoa at\u00e9 um sal\u00e1rio m\u00ednimo e meio, atualmente R$ 2.277. No caso de bolsas parciais (50%), o candidato deve comprovar que a renda familiar bruta mensal per capita n\u00e3o ultrapassa tr\u00eas sal\u00e1rios m\u00ednimos (R$ 4.554).<\/strong><\/p>\n\n\n\n<p><strong>As institui\u00e7\u00f5es de ensino ainda podem fazer exig\u00eancias adicionais<\/strong>.<\/p>\n\n\n\n<h2 class=\"wp-block-heading\">Prouni 2025\/1<\/h2>\n\n\n\n<p><strong>Nesta primeira edi\u00e7\u00e3o do Prouni, foram ofertadas 338.444 bolsas em 403 cursos de 1.031 institui\u00e7\u00f5es privadas por todo o pa\u00eds.&nbsp;Dessas bolsas, 203.539 s\u00e3o integrais e 134.905 parciais.<\/strong><\/p>\n\n\n\n<p>A edi\u00e7\u00e3o de 2025 do Prouni teve 1,5\u202fmilh\u00e3o de inscri\u00e7\u00f5es, sendo que cada participante pode escolher at\u00e9 dois cursos\u202fpara concorrer\u202f\u00e0\u202fbolsa.<\/p>\n\n\n\n<p>Na primeira chamada do Prouni 2025\/1, divulgada no in\u00edcio de fevereiro, 197.080\u202festudantes foram pr\u00e9-selecionados.<\/p>\n\n\n\n<p>Na&nbsp;<a href=\"https:\/\/agenciabrasil.ebc.com.br\/educacao\/noticia\/2025-04\/mec-divulga-lista-de-espera-do-prouni-2025-do-primeiro-semestre\" target=\"_blank\" rel=\"noreferrer noopener\">segunda chamada<\/a>, no fim de fevereiro, foram convocados 86.373 pr\u00e9-selecionados.<\/p>\n\n\n\n<p><strong>Neste ano, o Prouni comemora 20 anos de exist\u00eancia, com mais de 3,4 milh\u00f5es de estudantes beneficiados<\/strong>.<br><\/p>\n","protected":false},"excerpt":{"rendered":"<p>Por Daniella Almeida &#8211; Rep\u00f3rter da Ag\u00eancia Brasil \/ Foto: Rafa Neddermeyer\/Ag\u00eancia Brasil O prazo<\/p>\n","protected":false},"author":2,"featured_media":102353,"comment_status":"open","ping_status":"open","sticky":false,"template":"","format":"standard","meta":{"footnotes":""},"categories":[17],"tags":[],"class_list":["post-102352","post","type-post","status-publish","format-standard","has-post-thumbnail","hentry","category-outras-noticias"],"_links":{"self":[{"href":"https:\/\/tvc16.com\/portal\/wp-json\/wp\/v2\/posts\/102352","targetHints":{"allow":["GET"]}}],"collection":[{"href":"https:\/\/tvc16.com\/portal\/wp-json\/wp\/v2\/posts"}],"about":[{"href":"https:\/\/tvc16.com\/portal\/wp-json\/wp\/v2\/types\/post"}],"author":[{"embeddable":true,"href":"https:\/\/tvc16.com\/portal\/wp-json\/wp\/v2\/users\/2"}],"replies":[{"embeddable":true,"href":"https:\/\/tvc16.com\/portal\/wp-json\/wp\/v2\/comments?post=102352"}],"version-history":[{"count":1,"href":"https:\/\/tvc16.com\/portal\/wp-json\/wp\/v2\/posts\/102352\/revisions"}],"predecessor-version":[{"id":102354,"href":"https:\/\/tvc16.com\/portal\/wp-json\/wp\/v2\/posts\/102352\/revisions\/102354"}],"wp:featuredmedia":[{"embeddable":true,"href":"https:\/\/tvc16.com\/portal\/wp-json\/wp\/v2\/media\/102353"}],"wp:attachment":[{"href":"https:\/\/tvc16.com\/portal\/wp-json\/wp\/v2\/media?parent=102352"}],"wp:term":[{"taxonomy":"category","embeddable":true,"href":"https:\/\/tvc16.com\/portal\/wp-json\/wp\/v2\/categories?post=102352"},{"taxonomy":"post_tag","embeddable":true,"href":"https:\/\/tvc16.com\/portal\/wp-json\/wp\/v2\/tags?post=102352"}],"curies":[{"name":"wp","href":"https:\/\/api.w.org\/{rel}","templated":true}]}}