{"id":102369,"date":"2025-04-11T10:00:00","date_gmt":"2025-04-11T13:00:00","guid":{"rendered":"https:\/\/tvc16.com\/portal\/?p=102369"},"modified":"2025-04-10T17:19:20","modified_gmt":"2025-04-10T20:19:20","slug":"mte-lanca-cursos-profissionalizantes-para-quem-nao-tem-o-ensino-basico","status":"publish","type":"post","link":"https:\/\/tvc16.com\/portal\/2025\/04\/11\/mte-lanca-cursos-profissionalizantes-para-quem-nao-tem-o-ensino-basico\/","title":{"rendered":"MTE lan\u00e7a cursos profissionalizantes para quem n\u00e3o tem o ensino b\u00e1sico"},"content":{"rendered":"\n<p>Meta do programa \u00e9 alcan\u00e7ar cerca de 10 milh\u00f5es de jovens<\/p>\n\n\n\n<p>O Minist\u00e9rio do Trabalho e Emprego (MTE) lan\u00e7ou nesta quinta-feira (10) um programa para oferecer inicialmente 25 mil vagas gratuitas em cursos profissionalizantes na modalidade Educa\u00e7\u00e3o de Jovens e Adultos (EJA) em todo o pa\u00eds<strong>. Os cursos s\u00e3o para jovens entre 18 e 29 anos que precisaram abandonar a escola e n\u00e3o conclu\u00edram a educa\u00e7\u00e3o b\u00e1sica: ensino fundamental anos finais (6\u00ba ao 9\u00ba ano) e\/ou ensino m\u00e9dio (1\u00aa a 3\u00aa s\u00e9rie)<\/strong>.<img decoding=\"async\" src=\"https:\/\/agenciabrasil.ebc.com.br\/ebc.png?id=1638509&amp;o=node\"><img decoding=\"async\" src=\"https:\/\/agenciabrasil.ebc.com.br\/ebc.gif?id=1638509&amp;o=node\"><\/p>\n\n\n\n<p><strong>Cerca de10 milh\u00f5es de jovens est\u00e3o aptos a participar do programa. O ministro do Trabalho e Emprego, Luiz Marinho, disse que o objetivo \u00e9 aliar a eleva\u00e7\u00e3o da escolaridade com a qualifica\u00e7\u00e3o profissional, atendendo a demandas do setor industrial.<\/strong><\/p>\n\n\n\n<blockquote class=\"wp-block-quote is-layout-flow wp-block-quote-is-layout-flow\">\n<p>\u201cEntre muito desafios, temos o desafio de qualificar melhor o nosso mercado de trabalho. Ent\u00e3o \u00e9 preparar para o ensino m\u00e9dio, para o ensino profissionalizante, para a universidade e preparar o mercado de trabalho para melhor remunerar os trabalhadores e trabalhadoras, porque h\u00e1 uma faixa, uma camada muito mal remunerada\u201d, disse Marinho durante o lan\u00e7amento do programa na Federa\u00e7\u00e3o das Ind\u00fastrias do Estado da Bahia (Fieb), em Salvador.<\/p>\n<\/blockquote>\n\n\n\n<p><strong><a href=\"https:\/\/agenciabrasil.ebc.com.br\/educacao\/noticia\/2024-03\/quase-10-milhoes-de-jovens-sem-ensino-basico-estao-fora-da-escola\" target=\"_blank\" rel=\"noreferrer noopener\">&gt;&gt;Quase 10 milh\u00f5es de jovens sem ensino b\u00e1sico est\u00e3o fora da escola<\/a><\/strong><\/p>\n\n\n\n<p><strong>Realizada em parceria com o Servi\u00e7o Social da Ind\u00fastria (Sesi) e o Servi\u00e7o Nacional de Aprendizagem Industrial (Senai), a iniciativa foi batizada como SEJA PRO+, e tem como slogan \u201cTrabalho e Emprego\u201d. O investimento previsto \u00e9 R$ 200 milh\u00f5es.<\/strong><\/p>\n\n\n\n<p>Pelas regras do programa, os cursos de forma\u00e7\u00e3o e qualifica\u00e7\u00e3o ser\u00e3o voltados para \u00e1reas que demandam m\u00e3o de obra nas ind\u00fastrias das localidades dessas pessoas e abordar\u00e3o no\u00e7\u00f5es b\u00e1sicas de direitos dos trabalhadores.<\/p>\n\n\n\n<blockquote class=\"wp-block-quote is-layout-flow wp-block-quote-is-layout-flow\">\n<p>Segundo a pasta, as primeiras 3 mil vagas estar\u00e3o dispon\u00edveis na Bahia, nos munic\u00edpios de Vit\u00f3ria da Conquista, Feira de Santana, Cama\u00e7ari, Salvador, Juazeiro, Jequi\u00e9, Teixeira de Freitas, Lu\u00eds Eduardo Magalh\u00e3es e Ilh\u00e9us.<\/p>\n<\/blockquote>\n\n\n\n<p>Segundo os Sesi, as inscri\u00e7\u00f5es come\u00e7ar\u00e3o ainda este m\u00eas. Os interessados em acessar os cursos devem procurar a unidade do Sesi mais pr\u00f3xima ou acessar o&nbsp;<a href=\"https:\/\/www.sesibahia.com.br\/home\" target=\"_blank\" rel=\"noreferrer noopener\">portal do Sesi da Bahia<\/a>.<\/p>\n\n\n\n<p><strong>Ao final do curso, uma lista com o nome dos alunos concluintes ser\u00e1 encaminhada ao Minist\u00e9rio, que repassar\u00e1 \u00e0s ag\u00eancias do Sistema Nacional de Emprego (Sine), para inserir esses trabalhadores no mercado de trabalho.<\/strong><\/p>\n","protected":false},"excerpt":{"rendered":"<p>Meta do programa \u00e9 alcan\u00e7ar cerca de 10 milh\u00f5es de jovens O Minist\u00e9rio do Trabalho<\/p>\n","protected":false},"author":2,"featured_media":102370,"comment_status":"open","ping_status":"open","sticky":false,"template":"","format":"standard","meta":{"footnotes":""},"categories":[17],"tags":[],"class_list":["post-102369","post","type-post","status-publish","format-standard","has-post-thumbnail","hentry","category-outras-noticias"],"_links":{"self":[{"href":"https:\/\/tvc16.com\/portal\/wp-json\/wp\/v2\/posts\/102369","targetHints":{"allow":["GET"]}}],"collection":[{"href":"https:\/\/tvc16.com\/portal\/wp-json\/wp\/v2\/posts"}],"about":[{"href":"https:\/\/tvc16.com\/portal\/wp-json\/wp\/v2\/types\/post"}],"author":[{"embeddable":true,"href":"https:\/\/tvc16.com\/portal\/wp-json\/wp\/v2\/users\/2"}],"replies":[{"embeddable":true,"href":"https:\/\/tvc16.com\/portal\/wp-json\/wp\/v2\/comments?post=102369"}],"version-history":[{"count":1,"href":"https:\/\/tvc16.com\/portal\/wp-json\/wp\/v2\/posts\/102369\/revisions"}],"predecessor-version":[{"id":102371,"href":"https:\/\/tvc16.com\/portal\/wp-json\/wp\/v2\/posts\/102369\/revisions\/102371"}],"wp:featuredmedia":[{"embeddable":true,"href":"https:\/\/tvc16.com\/portal\/wp-json\/wp\/v2\/media\/102370"}],"wp:attachment":[{"href":"https:\/\/tvc16.com\/portal\/wp-json\/wp\/v2\/media?parent=102369"}],"wp:term":[{"taxonomy":"category","embeddable":true,"href":"https:\/\/tvc16.com\/portal\/wp-json\/wp\/v2\/categories?post=102369"},{"taxonomy":"post_tag","embeddable":true,"href":"https:\/\/tvc16.com\/portal\/wp-json\/wp\/v2\/tags?post=102369"}],"curies":[{"name":"wp","href":"https:\/\/api.w.org\/{rel}","templated":true}]}}