{"id":102378,"date":"2025-04-11T08:29:53","date_gmt":"2025-04-11T11:29:53","guid":{"rendered":"https:\/\/tvc16.com\/portal\/?p=102378"},"modified":"2025-04-11T08:30:24","modified_gmt":"2025-04-11T11:30:24","slug":"hospitalizacoes-de-criancas-por-sintomas-respiratorios-aumentam","status":"publish","type":"post","link":"https:\/\/tvc16.com\/portal\/2025\/04\/11\/hospitalizacoes-de-criancas-por-sintomas-respiratorios-aumentam\/","title":{"rendered":"Hospitaliza\u00e7\u00f5es de crian\u00e7as por sintomas respirat\u00f3rios aumentam"},"content":{"rendered":"\n<p><em>V\u00edrus sincicial respirat\u00f3rio avan\u00e7a em todo o pa\u00eds<\/em><\/p>\n\n\n\n<p>Por Douglas Correa &#8211; rep\u00f3rter da Ag\u00eancia Brasil \/ Foto: Tomaz Silva\/Ag\u00eancia Brasil<br><\/p>\n\n\n\n<p>Os casos de s\u00edndrome respirat\u00f3ria aguda grave (SRAG)&nbsp;tiveram um crescimento entre crian\u00e7as pequenas, segundo o novo boletim InfoGripe,&nbsp;divulgado nesta quinta-feira&nbsp;(10) pela Funda\u00e7\u00e3o Oswaldo Cruz (Fiocruz).&nbsp;<strong>A alta nas hospitaliza\u00e7\u00f5es \u00e9&nbsp;associada&nbsp;ao v\u00edrus sincicial respirat\u00f3rio (VSR), causador da bronquiolite<\/strong>,&nbsp;cuja&nbsp;incid\u00eancia ocorre em praticamente todo o pa\u00eds e tende a crescer no outono e no inverno.<img decoding=\"async\" src=\"https:\/\/agenciabrasil.ebc.com.br\/ebc.png?id=1638557&amp;o=node\"><img decoding=\"async\" src=\"https:\/\/agenciabrasil.ebc.com.br\/ebc.gif?id=1638557&amp;o=node\"><\/p>\n\n\n\n<p>O estudo \u00e9 referente \u00e0 Semana Epidemiol\u00f3gica de 30 de mar\u00e7o a 5 de abril, e&nbsp;<strong>tamb\u00e9m alerta para os primeiros ind\u00edcios de crescimento dos casos de SRAG por influenza, o v\u00edrus da gripe<\/strong>. Esse aumento ocorre&nbsp;especialmente no Mato Grosso do Sul, onde as hospitaliza\u00e7\u00f5es pelo v\u00edrus t\u00eam atingido jovens, adultos e idosos.<\/p>\n\n\n\n<p>De acordo com a pesquisadora do Programa de Computa\u00e7\u00e3o Cient\u00edfica da Fiocruz, Tatiana Portela, com o in\u00edcio de aumento dos casos de influenza no Mato Grosso do Sul,&nbsp;<strong>\u00e9 fundamental que todas as pessoas dos grupos priorit\u00e1rios, crian\u00e7as de seis meses a seis anos, assim como gestantes e idosos, se imunizem contra o v\u00edrus.<\/strong><\/p>\n\n\n\n<p>\u201cEspecialmente as pessoas dos grupos priorit\u00e1rios que moram nas regi\u00f5es Centro-Oeste, Nordeste, Sul e Sudeste, onde a campanha de vacina\u00e7\u00e3o contra o v\u00edrus j\u00e1 come\u00e7ou\u201d, explicou.<\/p>\n\n\n\n<p>Em nota, Tatiana refor\u00e7a ainda a import\u00e2ncia de, \u201cem caso de aparecimento de sintomas de gripe ou resfriado, sair de casa usando m\u00e1scara, assim como dentro de locais fechados e com maior aglomera\u00e7\u00e3o de pessoas e nos postos de sa\u00fade\u201d.<\/p>\n\n\n\n<h2 class=\"wp-block-heading\">Estados e capitais<\/h2>\n\n\n\n<p>No total, 13 dos 27 estados&nbsp;apresentam&nbsp;incid\u00eancia de SRAG com sinal de crescimento na an\u00e1lise das \u00faltimas semanas: Acre, Amap\u00e1, Distrito Federal, Esp\u00edrito Santo, Goi\u00e1s, Maranh\u00e3o, Mato Grosso, Mato Grosso do Sul, Minas Gerais, Par\u00e1, Rio Grande do Norte, Roraima e Sergipe.<\/p>\n\n\n\n<h2 class=\"wp-block-heading\">Situa\u00e7\u00e3o nacional<\/h2>\n\n\n\n<p>Em 2025, j\u00e1 foram notificados 31.796 casos de SRAG, sendo 12.527 (39,4%) com resultado laboratorial positivo para algum v\u00edrus respirat\u00f3rio, 14.113 (44,4%) negativos, e ao menos 3.060 (9,6%) aguardando resultado laboratorial.<\/p>\n\n\n\n<p>Nas quatro \u00faltimas semanas epidemiol\u00f3gicas, a preval\u00eancia entre os casos positivos foi de 10,3% de influenza A, 1,6% de influenza B, 50,4% de v\u00edrus sincicial respirat\u00f3rio, 31,4% de rinov\u00edrus, e 9,2% de Sars-CoV-2 (Covid-19).<\/p>\n","protected":false},"excerpt":{"rendered":"<p>V\u00edrus sincicial respirat\u00f3rio avan\u00e7a em todo o pa\u00eds Por Douglas Correa &#8211; rep\u00f3rter da Ag\u00eancia<\/p>\n","protected":false},"author":2,"featured_media":102379,"comment_status":"open","ping_status":"open","sticky":false,"template":"","format":"standard","meta":{"footnotes":""},"categories":[17],"tags":[],"class_list":["post-102378","post","type-post","status-publish","format-standard","has-post-thumbnail","hentry","category-outras-noticias"],"_links":{"self":[{"href":"https:\/\/tvc16.com\/portal\/wp-json\/wp\/v2\/posts\/102378","targetHints":{"allow":["GET"]}}],"collection":[{"href":"https:\/\/tvc16.com\/portal\/wp-json\/wp\/v2\/posts"}],"about":[{"href":"https:\/\/tvc16.com\/portal\/wp-json\/wp\/v2\/types\/post"}],"author":[{"embeddable":true,"href":"https:\/\/tvc16.com\/portal\/wp-json\/wp\/v2\/users\/2"}],"replies":[{"embeddable":true,"href":"https:\/\/tvc16.com\/portal\/wp-json\/wp\/v2\/comments?post=102378"}],"version-history":[{"count":1,"href":"https:\/\/tvc16.com\/portal\/wp-json\/wp\/v2\/posts\/102378\/revisions"}],"predecessor-version":[{"id":102380,"href":"https:\/\/tvc16.com\/portal\/wp-json\/wp\/v2\/posts\/102378\/revisions\/102380"}],"wp:featuredmedia":[{"embeddable":true,"href":"https:\/\/tvc16.com\/portal\/wp-json\/wp\/v2\/media\/102379"}],"wp:attachment":[{"href":"https:\/\/tvc16.com\/portal\/wp-json\/wp\/v2\/media?parent=102378"}],"wp:term":[{"taxonomy":"category","embeddable":true,"href":"https:\/\/tvc16.com\/portal\/wp-json\/wp\/v2\/categories?post=102378"},{"taxonomy":"post_tag","embeddable":true,"href":"https:\/\/tvc16.com\/portal\/wp-json\/wp\/v2\/tags?post=102378"}],"curies":[{"name":"wp","href":"https:\/\/api.w.org\/{rel}","templated":true}]}}