{"id":102381,"date":"2025-04-11T08:33:15","date_gmt":"2025-04-11T11:33:15","guid":{"rendered":"https:\/\/tvc16.com\/portal\/?p=102381"},"modified":"2025-04-11T08:33:19","modified_gmt":"2025-04-11T11:33:19","slug":"caderneta-de-saude-da-crianca-ganha-versao-digital-saiba-como-acessar","status":"publish","type":"post","link":"https:\/\/tvc16.com\/portal\/2025\/04\/11\/caderneta-de-saude-da-crianca-ganha-versao-digital-saiba-como-acessar\/","title":{"rendered":"Caderneta de Sa\u00fade da Crian\u00e7a ganha vers\u00e3o digital; saiba como acessar"},"content":{"rendered":"\n<p>Plataforma&nbsp;permite acompanhar dados e orienta\u00e7\u00f5es em sa\u00fade<\/p>\n\n\n\n<p>Por Daniella Almeida &#8211; Rep\u00f3rter da Ag\u00eancia Brasil \/ Foto: Antonio Cruz\/Ag\u00eancia Brasil]<\/p>\n\n\n\n<p><\/p>\n\n\n\n<p>O Minist\u00e9rio da Sa\u00fade lan\u00e7ou, nesta quinta-feira (10), a&nbsp;Caderneta Digital de Sa\u00fade da Crian\u00e7a, integrada ao aplicativo&nbsp;<a href=\"https:\/\/meususdigital.saude.gov.br\/login\" target=\"_blank\" rel=\"noreferrer noopener\">Meu SUS Digital<\/a>.<strong>&nbsp;A plataforma&nbsp;permite o acompanhamento do bem-estar&nbsp;e do desenvolvimento por meio de&nbsp;duas \u00e1reas de aten\u00e7\u00e3o: registros de sa\u00fade e cuidados da fam\u00edlia.<\/strong><img decoding=\"async\" src=\"https:\/\/agenciabrasil.ebc.com.br\/ebc.png?id=1638529&amp;o=node\"><img decoding=\"async\" src=\"https:\/\/agenciabrasil.ebc.com.br\/ebc.gif?id=1638529&amp;o=node\"><\/p>\n\n\n\n<p>As m\u00e3es, pais e respons\u00e1veis por essas crian\u00e7as continuar\u00e3o a ter acesso \u00e0 caderneta na vers\u00e3o f\u00edsica, de papel, entregue nas unidades b\u00e1sicas de sa\u00fade. O ministro da Sa\u00fade, Alexandre Padilha, defendeu que a documenta\u00e7\u00e3o na vers\u00e3o digital traz praticidade.<\/p>\n\n\n\n<p>&#8220;Aquela situa\u00e7\u00e3o em que o pai ou a m\u00e3e chega \u00e0 unidade de sa\u00fade ou \u00e0 escola e esquece a caderneta f\u00edsica agora est\u00e1 resolvida \u2014 ela [caderneta da crian\u00e7a] estar\u00e1 dispon\u00edvel no aplicativo.&nbsp; A outra [vantagem] \u00e9 que a caderneta digital ter\u00e1 mensagens ativas, ou seja, vai enviar alertas para o respons\u00e1vel informando que chegou a hora de vacinar ou de tomar uma dose de refor\u00e7o\u201d,<\/p>\n\n\n\n<p><strong>Para acessar a&nbsp;Caderneta Digital de Sa\u00fade da Crian\u00e7a&nbsp;j\u00e1 dispon\u00edvel no&nbsp;Meu SUS Digital, \u00e9 necess\u00e1rio que tanto o respons\u00e1vel quanto a crian\u00e7a possuam contas ativas no site de servi\u00e7os do governo federal, o&nbsp;<a href=\"https:\/\/sso.acesso.gov.br\/login?client_id=conectesus-app.saude.gov.br&amp;authorization_id=1962142aedd\" target=\"_blank\" rel=\"noreferrer noopener\">Gov.br<\/a>.<\/strong><\/p>\n\n\n\n<h2 class=\"wp-block-heading\">Aliada das fam\u00edlias<\/h2>\n\n\n\n<p><strong>A&nbsp;Caderneta Digital de Sa\u00fade da Crian\u00e7a&nbsp;traz os registros de crescimento, vacina\u00e7\u00e3o, sa\u00fade bucal e nutri\u00e7\u00e3o das crian\u00e7as.<\/strong>&nbsp;A secret\u00e1ria de Informa\u00e7\u00e3o e Sa\u00fade Digital do Minist\u00e9rio da Sa\u00fade, Ana Estela Haddad, explicou a moderniza\u00e7\u00e3o do documento.<\/p>\n\n\n\n<blockquote class=\"wp-block-quote is-layout-flow wp-block-quote-is-layout-flow\">\n<p>\u201cA caderneta da crian\u00e7a sempre foi uma aliada das fam\u00edlias brasileiras. Agora, com a transforma\u00e7\u00e3o digital do SUS, se torna mais moderna, interativa, acess\u00edvel e vem apoiar as m\u00e3es, as fam\u00edlias, os cuidadores, os professores, os profissionais de sa\u00fade de todo o pa\u00eds no cuidado com as nossas crian\u00e7as.\u201d<\/p>\n<\/blockquote>\n\n\n\n<p>Os dados do desenvolvimento infantil e de atendimentos em estabelecimentos do Sistema \u00danico de Sa\u00fade (SUS) ser\u00e3o lan\u00e7ados em tempo real na nova vers\u00e3o digital, por meio da Rede Nacional de Dados em Sa\u00fade.<\/p>\n\n\n\n<p><strong>A plataforma da rede permite que m\u00e9dicos e enfermeiros acessem de forma segura e padronizada as informa\u00e7\u00f5es de sa\u00fade de pacientes.<\/strong>&nbsp;O compartilhamento dos dados tem a miss\u00e3o de agilizar e tornar o atendimento cont\u00ednuo.<\/p>\n\n\n\n<p>\u201cComo diz o pensamento africano, \u00e9 preciso toda uma aldeia para cuidar de uma crian\u00e7a. E essa aldeia pode ser tamb\u00e9m digital. A tecnologia ganha muito quando ela \u00e9 constru\u00edda em rede, com participa\u00e7\u00e3o e com compromisso coletivo\u201d, citou&nbsp;Ana Estela Haddad.<\/p>\n\n\n\n<p><strong>Pelo documento, as fam\u00edlias poder\u00e3o acompanhar o hist\u00f3rico de vacinas, com previs\u00e3o para as pr\u00f3ximas doses e envio de notifica\u00e7\u00f5es com lembretes para a hora de vacinar a crian\u00e7a.<\/strong><\/p>\n\n\n\n<p>Al\u00e9m disso, as mesmas informa\u00e7\u00f5es da caderneta de papel sobre os cuidados e o desenvolvimento das crian\u00e7as, desde os primeiros dias de vida, estar\u00e3o dispon\u00edveis na nova vers\u00e3o eletr\u00f4nica. Entre os conte\u00fados, por exemplo, o cuidado com beb\u00eas prematuros e a prote\u00e7\u00e3o das crian\u00e7as frente \u00e0s telas.<br><\/p>\n","protected":false},"excerpt":{"rendered":"<p>Plataforma&nbsp;permite acompanhar dados e orienta\u00e7\u00f5es em sa\u00fade Por Daniella Almeida &#8211; Rep\u00f3rter da Ag\u00eancia Brasil<\/p>\n","protected":false},"author":2,"featured_media":102382,"comment_status":"open","ping_status":"open","sticky":false,"template":"","format":"standard","meta":{"footnotes":""},"categories":[17],"tags":[],"class_list":["post-102381","post","type-post","status-publish","format-standard","has-post-thumbnail","hentry","category-outras-noticias"],"_links":{"self":[{"href":"https:\/\/tvc16.com\/portal\/wp-json\/wp\/v2\/posts\/102381","targetHints":{"allow":["GET"]}}],"collection":[{"href":"https:\/\/tvc16.com\/portal\/wp-json\/wp\/v2\/posts"}],"about":[{"href":"https:\/\/tvc16.com\/portal\/wp-json\/wp\/v2\/types\/post"}],"author":[{"embeddable":true,"href":"https:\/\/tvc16.com\/portal\/wp-json\/wp\/v2\/users\/2"}],"replies":[{"embeddable":true,"href":"https:\/\/tvc16.com\/portal\/wp-json\/wp\/v2\/comments?post=102381"}],"version-history":[{"count":1,"href":"https:\/\/tvc16.com\/portal\/wp-json\/wp\/v2\/posts\/102381\/revisions"}],"predecessor-version":[{"id":102383,"href":"https:\/\/tvc16.com\/portal\/wp-json\/wp\/v2\/posts\/102381\/revisions\/102383"}],"wp:featuredmedia":[{"embeddable":true,"href":"https:\/\/tvc16.com\/portal\/wp-json\/wp\/v2\/media\/102382"}],"wp:attachment":[{"href":"https:\/\/tvc16.com\/portal\/wp-json\/wp\/v2\/media?parent=102381"}],"wp:term":[{"taxonomy":"category","embeddable":true,"href":"https:\/\/tvc16.com\/portal\/wp-json\/wp\/v2\/categories?post=102381"},{"taxonomy":"post_tag","embeddable":true,"href":"https:\/\/tvc16.com\/portal\/wp-json\/wp\/v2\/tags?post=102381"}],"curies":[{"name":"wp","href":"https:\/\/api.w.org\/{rel}","templated":true}]}}