{"id":102386,"date":"2025-04-11T08:43:33","date_gmt":"2025-04-11T11:43:33","guid":{"rendered":"https:\/\/tvc16.com\/portal\/?p=102386"},"modified":"2025-04-11T08:43:57","modified_gmt":"2025-04-11T11:43:57","slug":"conselho-municipal-de-inovacao-e-retomado-com-eleicao-dos-representantes-da-sociedade-civil","status":"publish","type":"post","link":"https:\/\/tvc16.com\/portal\/2025\/04\/11\/conselho-municipal-de-inovacao-e-retomado-com-eleicao-dos-representantes-da-sociedade-civil\/","title":{"rendered":"Conselho Municipal de Inova\u00e7\u00e3o \u00e9 retomado com elei\u00e7\u00e3o dos representantes da sociedade civil"},"content":{"rendered":"\n<p>A Prefeitura realizou na \u00faltima quarta-feira (9), a primeira reuni\u00e3o do Conselho Municipal de Inova\u00e7\u00e3o (CMI). O conselho estava desativado h\u00e1 mais de tr\u00eas anos, e foi retomado para esta gest\u00e3o. O encontro aconteceu na Casa dos Conselhos e definiu os representantes da sociedade civil para o bi\u00eanio 2025\/2027.<\/p>\n\n\n\n<p>\u201cO di\u00e1logo \u00e9 fundamental para o andamento do governo, levantar essa pauta para trocar experi\u00eancias e opini\u00f5es \u00e9 essencial para que possamos seguir no desenvolvimento do nosso munic\u00edpio\u201d, disse o prefeito Hingo Hammes.<\/p>\n\n\n\n<p>Foram eleitas seis institui\u00e7\u00f5es divididas em duas categorias. Entre institui\u00e7\u00f5es de ensino Superior, Tecnol\u00f3gico e Profissionalizante foram eleitos a Funda\u00e7\u00e3o Oswaldo Cruz (Fiocruz), a Universidade Federal Fluminense (UFF) e o CEFET\/RJ. J\u00e1 entre Associa\u00e7\u00f5es Empresariais, Entidades de Fomento, Startups e Inova\u00e7\u00e3o foram eleitas a Associa\u00e7\u00e3o Comercial e Empresarial de Petr\u00f3polis, a Biomob Solu\u00e7\u00f5es Digitais LTDA e o Serratec \u2013 Parque Tecnol\u00f3gico da Regi\u00e3o Serrana.<\/p>\n\n\n\n<p>Tamb\u00e9m comp\u00f5em o Conselho, representando o poder p\u00fablico, as secretarias de: Desenvolvimento Econ\u00f4mico, que ir\u00e1 presidir o CMI durante o bi\u00eanio 2025\/2027, Sa\u00fade, Educa\u00e7\u00e3o, Planejamento e Or\u00e7amento, Turismo e Meio Ambiente.<\/p>\n\n\n\n<p>O secret\u00e1rio de Desenvolvimento Econ\u00f4mico reafirmou o t\u00edtulo de Capital Tecnol\u00f3gica do Rio de Janeiro e destacou a import\u00e2ncia de fomentar o di\u00e1logo para o crescimento do setor. \u201cA reativa\u00e7\u00e3o do CMI consolida um passo importante na constru\u00e7\u00e3o de pol\u00edticas p\u00fablicas voltadas ao setor de modo participativo e transparente. Estamos reunindo vozes qualificadas com o objetivo de fomentar um setor que possui um potencial ilimitado\u201d, finaliza.<\/p>\n\n\n\n<p>A posse oficial dos novos conselheiros ser\u00e1 realizada no dia 15 de abril, \u00e0s 18h, na Casa dos Conselhos.<\/p>\n","protected":false},"excerpt":{"rendered":"<p>A Prefeitura realizou na \u00faltima quarta-feira (9), a primeira reuni\u00e3o do Conselho Municipal de Inova\u00e7\u00e3o<\/p>\n","protected":false},"author":2,"featured_media":102387,"comment_status":"open","ping_status":"open","sticky":false,"template":"","format":"standard","meta":{"footnotes":""},"categories":[12],"tags":[],"class_list":["post-102386","post","type-post","status-publish","format-standard","has-post-thumbnail","hentry","category-cidade"],"_links":{"self":[{"href":"https:\/\/tvc16.com\/portal\/wp-json\/wp\/v2\/posts\/102386","targetHints":{"allow":["GET"]}}],"collection":[{"href":"https:\/\/tvc16.com\/portal\/wp-json\/wp\/v2\/posts"}],"about":[{"href":"https:\/\/tvc16.com\/portal\/wp-json\/wp\/v2\/types\/post"}],"author":[{"embeddable":true,"href":"https:\/\/tvc16.com\/portal\/wp-json\/wp\/v2\/users\/2"}],"replies":[{"embeddable":true,"href":"https:\/\/tvc16.com\/portal\/wp-json\/wp\/v2\/comments?post=102386"}],"version-history":[{"count":1,"href":"https:\/\/tvc16.com\/portal\/wp-json\/wp\/v2\/posts\/102386\/revisions"}],"predecessor-version":[{"id":102388,"href":"https:\/\/tvc16.com\/portal\/wp-json\/wp\/v2\/posts\/102386\/revisions\/102388"}],"wp:featuredmedia":[{"embeddable":true,"href":"https:\/\/tvc16.com\/portal\/wp-json\/wp\/v2\/media\/102387"}],"wp:attachment":[{"href":"https:\/\/tvc16.com\/portal\/wp-json\/wp\/v2\/media?parent=102386"}],"wp:term":[{"taxonomy":"category","embeddable":true,"href":"https:\/\/tvc16.com\/portal\/wp-json\/wp\/v2\/categories?post=102386"},{"taxonomy":"post_tag","embeddable":true,"href":"https:\/\/tvc16.com\/portal\/wp-json\/wp\/v2\/tags?post=102386"}],"curies":[{"name":"wp","href":"https:\/\/api.w.org\/{rel}","templated":true}]}}