{"id":102389,"date":"2025-04-12T07:00:00","date_gmt":"2025-04-12T10:00:00","guid":{"rendered":"https:\/\/tvc16.com\/portal\/?p=102389"},"modified":"2025-04-11T21:26:19","modified_gmt":"2025-04-12T00:26:19","slug":"prefeitura-de-petropolis-mobiliza-equipes-de-saude-para-o-dia-d-contra-a-dengue","status":"publish","type":"post","link":"https:\/\/tvc16.com\/portal\/2025\/04\/12\/prefeitura-de-petropolis-mobiliza-equipes-de-saude-para-o-dia-d-contra-a-dengue\/","title":{"rendered":"Prefeitura de Petr\u00f3polis mobiliza equipes de sa\u00fade para o dia D contra a Dengue"},"content":{"rendered":"\n<p>A Prefeitura de Petr\u00f3polis, por meio da Secretaria Municipal de Sa\u00fade, vai mobilizar 79 Agentes de Combate \u00e0s Endemias (ACE) para identificar e desfazer focos do mosquito Aedes aegypti, respons\u00e1vel pela transmiss\u00e3o da Dengue, Zica e Chikungunya. A a\u00e7\u00e3o vai acontecer neste s\u00e1bado (12), dia D de combate \u00e0 Dengue.<\/p>\n\n\n\n<p>\u201cEsse \u00e9 um dia muito importante e a prefeitura estar\u00e1 nas ruas com a\u00e7\u00f5es de conscientiza\u00e7\u00e3o e combate aos focos do mosquito, mas precisamos da colabora\u00e7\u00e3o de todos nessa luta\u201d, comentou o prefeito Hingo Hammes.<\/p>\n\n\n\n<p>Outras secretarias da prefeitura tamb\u00e9m v\u00e3o participar das a\u00e7\u00f5es. A Defesa Civil vai enviar mensagens via SMS para os moradores de Petr\u00f3polis e material informativo para os n\u00facleos comunit\u00e1rios de Defesa Civil (Nudecs). O objetivo \u00e9 criar multiplicadores de informa\u00e7\u00f5es de conscientiza\u00e7\u00e3o para elimina\u00e7\u00e3o dos focos. Na sexta-feira (11) o Programa Sa\u00fade na Escola far\u00e1 uma palestra sobre arboviroses no Centro de Educa\u00e7\u00e3o Infantil Tina Grazinolli, no centro.<\/p>\n\n\n\n<p>\u201cS\u00e1bado \u00e9 dia de parar por 10 minutos e vistoriar a casa para conferir se existe algum foco do mosquito. Essa simples atitude da popula\u00e7\u00e3o j\u00e1 faz toda diferen\u00e7a\u201d, explicou o Secret\u00e1rio Municipal de Sa\u00fade, Lu\u00eds Cruzick.<\/p>\n\n\n\n<p>A vacina contra Dengue tamb\u00e9m est\u00e1 dispon\u00edvel nas 16 salas de vacina\u00e7\u00e3o do munic\u00edpio no hor\u00e1rio de 9 \u00e0s 16 h, inclusive neste s\u00e1bado (12). A vacina \u00e9 oferecida para adolescentes de 10 a 14 anos de idade.<\/p>\n\n\n\n<p>No m\u00eas de mar\u00e7o, os Agentes de Combate \u00e0s Endemias visitaram 48.224 domic\u00edlios. Al\u00e9m das visitas domiciliares, no s\u00e1bado haver\u00e1 panfletagem nos terminais rodovi\u00e1rios do Centro e do Itamarati e nas pra\u00e7as Visconde de Mau\u00e1 e da Vila de Secret\u00e1rio.<\/p>\n\n\n\n<p>As a\u00e7\u00f5es v\u00e3o acontecer principalmente nas \u00e1reas com maiores focos do mosquito, identificadas pelo \u00faltimo LIRAa e v\u00e3o contar com apoio dos postos de sa\u00fade locais. Segundo o levantamento, as regi\u00f5es do Carangola, Vale do Carangola, Itaipava, Itamarati, Posse, Boa Esperan\u00e7a, Lajinha, Brejal e Vicenzo Riveti foram as que registraram maiores n\u00fameros de focos do mosquito.<\/p>\n\n\n\n<p>O \u00faltimo Levantamento de \u00cdndice R\u00e1pido para Aedes aegypti (LIRAa) de 2025, realizado no in\u00edcio de janeiro, apontou um \u00cdndice de Infesta\u00e7\u00e3o Predial (IIP) de 0,52%, considerado satisfat\u00f3rio, j\u00e1 que o Minist\u00e9rio da Sa\u00fade preconiza \u00edndice inferior a 1% como baixo risco de infesta\u00e7\u00e3o do mosquito.<\/p>\n\n\n\n<p>Durante o levantamento, os agentes identificaram 41 im\u00f3veis com focos positivos e 58 dep\u00f3sitos com larvas do Aedes aegypti. Os dep\u00f3sitos predominantes foram vasos, pratos, frascos com plantas e bebedouros para animais, foram os mais comuns, representando 25 focos.<\/p>\n","protected":false},"excerpt":{"rendered":"<p>A Prefeitura de Petr\u00f3polis, por meio da Secretaria Municipal de Sa\u00fade, vai mobilizar 79 Agentes<\/p>\n","protected":false},"author":2,"featured_media":102390,"comment_status":"open","ping_status":"open","sticky":false,"template":"","format":"standard","meta":{"footnotes":""},"categories":[12],"tags":[],"class_list":["post-102389","post","type-post","status-publish","format-standard","has-post-thumbnail","hentry","category-cidade"],"_links":{"self":[{"href":"https:\/\/tvc16.com\/portal\/wp-json\/wp\/v2\/posts\/102389","targetHints":{"allow":["GET"]}}],"collection":[{"href":"https:\/\/tvc16.com\/portal\/wp-json\/wp\/v2\/posts"}],"about":[{"href":"https:\/\/tvc16.com\/portal\/wp-json\/wp\/v2\/types\/post"}],"author":[{"embeddable":true,"href":"https:\/\/tvc16.com\/portal\/wp-json\/wp\/v2\/users\/2"}],"replies":[{"embeddable":true,"href":"https:\/\/tvc16.com\/portal\/wp-json\/wp\/v2\/comments?post=102389"}],"version-history":[{"count":1,"href":"https:\/\/tvc16.com\/portal\/wp-json\/wp\/v2\/posts\/102389\/revisions"}],"predecessor-version":[{"id":102391,"href":"https:\/\/tvc16.com\/portal\/wp-json\/wp\/v2\/posts\/102389\/revisions\/102391"}],"wp:featuredmedia":[{"embeddable":true,"href":"https:\/\/tvc16.com\/portal\/wp-json\/wp\/v2\/media\/102390"}],"wp:attachment":[{"href":"https:\/\/tvc16.com\/portal\/wp-json\/wp\/v2\/media?parent=102389"}],"wp:term":[{"taxonomy":"category","embeddable":true,"href":"https:\/\/tvc16.com\/portal\/wp-json\/wp\/v2\/categories?post=102389"},{"taxonomy":"post_tag","embeddable":true,"href":"https:\/\/tvc16.com\/portal\/wp-json\/wp\/v2\/tags?post=102389"}],"curies":[{"name":"wp","href":"https:\/\/api.w.org\/{rel}","templated":true}]}}