{"id":102392,"date":"2025-04-12T17:00:00","date_gmt":"2025-04-12T20:00:00","guid":{"rendered":"https:\/\/tvc16.com\/portal\/?p=102392"},"modified":"2025-04-11T21:51:47","modified_gmt":"2025-04-12T00:51:47","slug":"petropolis-recebe-encontro-regional-do-programa-mais-medicos-2","status":"publish","type":"post","link":"https:\/\/tvc16.com\/portal\/2025\/04\/12\/petropolis-recebe-encontro-regional-do-programa-mais-medicos-2\/","title":{"rendered":"Petr\u00f3polis recebe encontro regional do programa Mais M\u00e9dicos"},"content":{"rendered":"\n<p>A Prefeitura de Petr\u00f3polis, atrav\u00e9s da Secretaria Municipal de Sa\u00fade, sediou na quinta-feira (10) a Oficina Locoregional Serrana do Programa Mais M\u00e9dicos do Brasil. O evento, que aconteceu na Casa dos Conselhos Augusto \u00c2ngelo Zanatta, reuniu m\u00e9dicos das cidades de Petr\u00f3polis, Teres\u00f3polis e Guapimirim, munic\u00edpios pertencentes a Regi\u00e3o Serrana I do Estado do Rio de Janeiro. A proposta \u00e9 que a pol\u00edtica p\u00fablica se torne mais efetiva na Aten\u00e7\u00e3o Prim\u00e1ria \u00e0 Sa\u00fade (APS) e atinja os seus objetivos para o cuidado integral da sa\u00fade da popula\u00e7\u00e3o.<\/p>\n\n\n\n<p>\u201c\u00c9 sempre um prazer receber profissionais da nossa cidade e de munic\u00edpios vizinhos aqui na prefeitura em treinamentos importantes para aprimorar o acolhimento da nossa popula\u00e7\u00e3o nos atendimentos de sa\u00fade\u201d, comentou o prefeito Hingo Hammes.<\/p>\n\n\n\n<p>O Programa Mais M\u00e9dicos \u00e9 uma das maiores pol\u00edticas p\u00fablicas que o Governo Federal disp\u00f5e para apoiar os servi\u00e7os e as a\u00e7\u00f5es da Aten\u00e7\u00e3o Prim\u00e1ria \u00e0 Sa\u00fade (APS) do Sistema \u00danico de Sa\u00fade (SUS). Ao todo, cerca de 50 profissionais participaram da capacita\u00e7\u00e3o que reuniu diversas oficinas e grupos de trabalho.<\/p>\n\n\n\n<p>\u201cEssa aproxima\u00e7\u00e3o com a equipe t\u00e9cnica do Minist\u00e9rio da sa\u00fade \u00e9 muito importante para analisarmos a nossa realidade e buscarmos solu\u00e7\u00f5es para aprimorar o servi\u00e7o de sa\u00fade do munic\u00edpio. Eu agrade\u00e7o muito ao empenho da equipe da secretaria de sa\u00fade que garantiu a realiza\u00e7\u00e3o desse evento\u201d comentou o Secret\u00e1rio de Sa\u00fade, Lu\u00eds Cruzick.<\/p>\n\n\n\n<p>Nesta sexta-feira (11) os t\u00e9cnicos do Minist\u00e9rio da Sa\u00fade v\u00e3o visitar quatro unidades de Sa\u00fade da Fam\u00edlia que comp\u00f5em a rede de sa\u00fade p\u00fablica do munic\u00edpio de Petr\u00f3polis.<\/p>\n","protected":false},"excerpt":{"rendered":"<p>A Prefeitura de Petr\u00f3polis, atrav\u00e9s da Secretaria Municipal de Sa\u00fade, sediou na quinta-feira (10) a<\/p>\n","protected":false},"author":2,"featured_media":102393,"comment_status":"open","ping_status":"open","sticky":false,"template":"","format":"standard","meta":{"footnotes":""},"categories":[12],"tags":[],"class_list":["post-102392","post","type-post","status-publish","format-standard","has-post-thumbnail","hentry","category-cidade"],"_links":{"self":[{"href":"https:\/\/tvc16.com\/portal\/wp-json\/wp\/v2\/posts\/102392","targetHints":{"allow":["GET"]}}],"collection":[{"href":"https:\/\/tvc16.com\/portal\/wp-json\/wp\/v2\/posts"}],"about":[{"href":"https:\/\/tvc16.com\/portal\/wp-json\/wp\/v2\/types\/post"}],"author":[{"embeddable":true,"href":"https:\/\/tvc16.com\/portal\/wp-json\/wp\/v2\/users\/2"}],"replies":[{"embeddable":true,"href":"https:\/\/tvc16.com\/portal\/wp-json\/wp\/v2\/comments?post=102392"}],"version-history":[{"count":2,"href":"https:\/\/tvc16.com\/portal\/wp-json\/wp\/v2\/posts\/102392\/revisions"}],"predecessor-version":[{"id":102434,"href":"https:\/\/tvc16.com\/portal\/wp-json\/wp\/v2\/posts\/102392\/revisions\/102434"}],"wp:featuredmedia":[{"embeddable":true,"href":"https:\/\/tvc16.com\/portal\/wp-json\/wp\/v2\/media\/102393"}],"wp:attachment":[{"href":"https:\/\/tvc16.com\/portal\/wp-json\/wp\/v2\/media?parent=102392"}],"wp:term":[{"taxonomy":"category","embeddable":true,"href":"https:\/\/tvc16.com\/portal\/wp-json\/wp\/v2\/categories?post=102392"},{"taxonomy":"post_tag","embeddable":true,"href":"https:\/\/tvc16.com\/portal\/wp-json\/wp\/v2\/tags?post=102392"}],"curies":[{"name":"wp","href":"https:\/\/api.w.org\/{rel}","templated":true}]}}