{"id":102395,"date":"2025-04-14T07:00:00","date_gmt":"2025-04-14T10:00:00","guid":{"rendered":"https:\/\/tvc16.com\/portal\/?p=102395"},"modified":"2025-04-12T01:00:02","modified_gmt":"2025-04-12T04:00:02","slug":"prefeitura-e-feirantes-se-reunem-para-ultimas-definicoes-da-feira-do-pescado-2","status":"publish","type":"post","link":"https:\/\/tvc16.com\/portal\/2025\/04\/14\/prefeitura-e-feirantes-se-reunem-para-ultimas-definicoes-da-feira-do-pescado-2\/","title":{"rendered":"Prefeitura e feirantes se re\u00fanem para \u00faltimas defini\u00e7\u00f5es da feira do Pescado"},"content":{"rendered":"\n<p>Tradicional evento pr\u00e9-Semana Santa acontece dos dias 16 ao dia 18<\/p>\n\n\n\n<p>A Prefeitura por meio das secretarias de Desenvolvimento Econ\u00f4mico, CPTrans e COMDEP se reuniu com feirantes da Feira do Pescado para as \u00faltimas defini\u00e7\u00f5es sobre o tradicional evento que abre a Semana Santa em Petr\u00f3polis. O encontro aconteceu na secretaria de Desenvolvimento Econ\u00f4mico na \u00faltima quarta-feira (9).<\/p>\n\n\n\n<p>\u201cA feira do Pescado \u00e9 um evento de enorme tradi\u00e7\u00e3o para o nosso munic\u00edpio. Um evento que marca o in\u00edcio dos preparativos para a semana santa e movimenta a economia local\u201d disse o prefeito Hingo Hammes.<\/p>\n\n\n\n<p>A Feira do Pescado \u00e9 um tradicional evento da cidade de Petr\u00f3polis, que antecede a Semana Santa, e que, em 2025, completa 35 anos. \u201cA feira \u00e9 uma marca registrada do feriado em Petr\u00f3polis. Um evento que antecede o tradicional feriado, e \u00e9 uma oportunidade para desenvolvimento e promo\u00e7\u00e3o dos produtores locais\u201d, afirma o secret\u00e1rio de Desenvolvimento Econ\u00f4mico Samir El Ghaoui.<\/p>\n\n\n\n<p>Durante a reuni\u00e3o, foi apresentado aos feirantes o organograma de todas as medidas que ser\u00e3o tomadas pela Prefeitura, cronograma de montagem e organiza\u00e7\u00e3o. Tamb\u00e9m foi apresentado mapa para instala\u00e7\u00e3o das barracas \u201cEsse encontro \u00e9 fundamental para oferecer ordem durante o evento e para que todos estejam cientes e prontos para que a feira funcione de modo que n\u00e3o prejudique o andamento da cidade\u201d acrescenta Luciano Moreira Presidente da CPTrans.<\/p>\n","protected":false},"excerpt":{"rendered":"<p>Tradicional evento pr\u00e9-Semana Santa acontece dos dias 16 ao dia 18 A Prefeitura por meio<\/p>\n","protected":false},"author":2,"featured_media":102396,"comment_status":"open","ping_status":"open","sticky":false,"template":"","format":"standard","meta":{"footnotes":""},"categories":[12],"tags":[],"class_list":["post-102395","post","type-post","status-publish","format-standard","has-post-thumbnail","hentry","category-cidade"],"_links":{"self":[{"href":"https:\/\/tvc16.com\/portal\/wp-json\/wp\/v2\/posts\/102395","targetHints":{"allow":["GET"]}}],"collection":[{"href":"https:\/\/tvc16.com\/portal\/wp-json\/wp\/v2\/posts"}],"about":[{"href":"https:\/\/tvc16.com\/portal\/wp-json\/wp\/v2\/types\/post"}],"author":[{"embeddable":true,"href":"https:\/\/tvc16.com\/portal\/wp-json\/wp\/v2\/users\/2"}],"replies":[{"embeddable":true,"href":"https:\/\/tvc16.com\/portal\/wp-json\/wp\/v2\/comments?post=102395"}],"version-history":[{"count":1,"href":"https:\/\/tvc16.com\/portal\/wp-json\/wp\/v2\/posts\/102395\/revisions"}],"predecessor-version":[{"id":102397,"href":"https:\/\/tvc16.com\/portal\/wp-json\/wp\/v2\/posts\/102395\/revisions\/102397"}],"wp:featuredmedia":[{"embeddable":true,"href":"https:\/\/tvc16.com\/portal\/wp-json\/wp\/v2\/media\/102396"}],"wp:attachment":[{"href":"https:\/\/tvc16.com\/portal\/wp-json\/wp\/v2\/media?parent=102395"}],"wp:term":[{"taxonomy":"category","embeddable":true,"href":"https:\/\/tvc16.com\/portal\/wp-json\/wp\/v2\/categories?post=102395"},{"taxonomy":"post_tag","embeddable":true,"href":"https:\/\/tvc16.com\/portal\/wp-json\/wp\/v2\/tags?post=102395"}],"curies":[{"name":"wp","href":"https:\/\/api.w.org\/{rel}","templated":true}]}}