{"id":102401,"date":"2025-04-11T08:53:01","date_gmt":"2025-04-11T11:53:01","guid":{"rendered":"https:\/\/tvc16.com\/portal\/?p=102401"},"modified":"2025-04-11T08:53:04","modified_gmt":"2025-04-11T11:53:04","slug":"petropolis-registra-aumento-na-criacao-de-empregos","status":"publish","type":"post","link":"https:\/\/tvc16.com\/portal\/2025\/04\/11\/petropolis-registra-aumento-na-criacao-de-empregos\/","title":{"rendered":"Petr\u00f3polis registra aumento na cria\u00e7\u00e3o de empregos"},"content":{"rendered":"\n<p><em>Por Gabriel Rattes (com informa\u00e7\u00f5es da FolhaPress)<\/em><\/p>\n\n\n\n<p>Em fevereiro de 2025, Petr\u00f3polis teve um saldo positivo de 455 vagas de emprego, o melhor n\u00famero desde novembro de 2023, quando foram gerados 588 postos de trabalho. Os dados s\u00e3o do Caged (Cadastro Geral de Empregados e Desempregados), divulgados no final de mar\u00e7o pelo Minist\u00e9rio do Trabalho e Emprego. Em 2025, at\u00e9 o momento, a cidade j\u00e1 registrou 5.121 admiss\u00f5es e 4.947 desligamentos, totalizando mais de 70 mil empregos formais.<\/p>\n\n\n\n<p>O setor de servi\u00e7os foi o que mais gerou empregos, com 1.447 admiss\u00f5es e 1.197 desligamentos, resultando em um saldo positivo de 250 vagas. A ind\u00fastria tamb\u00e9m teve um bom desempenho, com 182 postos criados, seguida pelo com\u00e9rcio (51), agropecu\u00e1ria (3) e constru\u00e7\u00e3o, que apresentou uma perda de 31 vagas.<\/p>\n\n\n\n<p>Em rela\u00e7\u00e3o \u00e0s admiss\u00f5es de fevereiro, 1.530 foram de homens e 1.377 de mulheres. A maioria dos contratados t\u00eam ensino m\u00e9dio completo (1.572), seguido por ensino superior completo (401), ensino m\u00e9dio incompleto (318), fundamental incompleto (276), fundamental completo (216), superior incompleto (109) e analfabetos (15).<\/p>\n\n\n\n<p>J\u00e1 nas demiss\u00f5es, 1.350 foram de homens e 1.102 de mulheres. Dentre os desligados, a maioria tamb\u00e9m possu\u00eda ensino m\u00e9dio completo (1.385), seguida de ensino superior completo (256), fundamental completo (245), fundamental incompleto (226), ensino m\u00e9dio incompleto (219), superior incompleto (117) e 4 analfabetos.<\/p>\n\n\n\n<p><strong>Petr\u00f3polis se destaca na regi\u00e3o<\/strong><\/p>\n\n\n\n<p>Dentre os munic\u00edpios da regi\u00e3o, Petr\u00f3polis foi o que mais gerou empregos em fevereiro. As outras cidades com saldos positivos foram Nova Friburgo (407), Teres\u00f3polis (353), Tr\u00eas Rios (247) e Areal (182). Por outro lado, Para\u00edba do Sul teve um saldo negativo, com 341 admiss\u00f5es e 562 desligamentos.<\/p>\n\n\n\n<p><strong>Resultados nacionais<\/strong><\/p>\n\n\n\n<p>Os munic\u00edpios do interior do estado do Rio de Janeiro seguiram os n\u00fameros registrados nacionalmente. O mercado de trabalho formal no Brasil gerou 431,9 mil vagas em fevereiro. O saldo entre contrata\u00e7\u00f5es e demiss\u00f5es no segundo m\u00eas do ano foi o melhor resultado mensal na s\u00e9rie hist\u00f3rica do novo Caged, iniciada em 2020, quando as estat\u00edsticas passaram a considerar os dados do eSocial, o sistema de escritura\u00e7\u00e3o de informa\u00e7\u00f5es trabalhistas e previdenci\u00e1rias.<\/p>\n\n\n\n<p>O resultado \u00e9 tamb\u00e9m maior do que o registrado em fevereiro de 2024, quando o saldo entre demitidos e contratados ficou em 306,8 mil postos de trabalho criados. Neste ano, foram registradas 2,579 milh\u00f5es de admiss\u00f5es e 2,147 milh\u00f5es de desligamentos de trabalhadores formais em fevereiro. No acumulado do ano, considerando janeiro e fevereiro, o saldo de vagas criadas ficou 576 mil, superior ao registrado no mesmo per\u00edodo em 2024, 480,7 mil posi\u00e7\u00f5es.<\/p>\n\n\n\n<p>Os cinco grandes setores tiveram resultados positivos em fevereiro. O setor de servi\u00e7os concentrou boa parte da gera\u00e7\u00e3o de vagas no m\u00eas, com 254,8 mil postos de trabalho. Na ind\u00fastria, o saldo ficou em 69,8 mil empregos formais. No setores, o resultado de fevereiro foi de 46,5 mil vagas no com\u00e9rcio, de 40,8 mil na constru\u00e7\u00e3o civil, e de 19,8 mil na agricultura e pecu\u00e1ria.<\/p>\n\n\n\n<p>Do total de vagas com carteira assinada abertas em fevereiro, a maioria foi ocupada por mulheres. Segundo os dados do Caged, essas trabalhadoras ocuparam 229,1 mil empregos.<\/p>\n\n\n\n<p>O sal\u00e1rio m\u00e9dio real na contrata\u00e7\u00e3o, em fevereiro, foi de R$ 2.205,25, abaixo dos R$ 2.284,65 do m\u00eas anterior. Na demiss\u00e3o, o valor m\u00e9dio real foi de R$ 2.300,63, um pouco acima dos R$ 2,298,53 em janeiro. Com o resultado de fevereiro, o emprego formal no Brasil chegou a um total de 47,7 milh\u00f5es de trabalhadores com carteira assinada, o maior volume acumulado desde janeiro de 2020.<\/p>\n","protected":false},"excerpt":{"rendered":"<p>Por Gabriel Rattes (com informa\u00e7\u00f5es da FolhaPress) Em fevereiro de 2025, Petr\u00f3polis teve um saldo<\/p>\n","protected":false},"author":2,"featured_media":99900,"comment_status":"open","ping_status":"open","sticky":false,"template":"","format":"standard","meta":{"footnotes":""},"categories":[12],"tags":[],"class_list":["post-102401","post","type-post","status-publish","format-standard","has-post-thumbnail","hentry","category-cidade"],"_links":{"self":[{"href":"https:\/\/tvc16.com\/portal\/wp-json\/wp\/v2\/posts\/102401","targetHints":{"allow":["GET"]}}],"collection":[{"href":"https:\/\/tvc16.com\/portal\/wp-json\/wp\/v2\/posts"}],"about":[{"href":"https:\/\/tvc16.com\/portal\/wp-json\/wp\/v2\/types\/post"}],"author":[{"embeddable":true,"href":"https:\/\/tvc16.com\/portal\/wp-json\/wp\/v2\/users\/2"}],"replies":[{"embeddable":true,"href":"https:\/\/tvc16.com\/portal\/wp-json\/wp\/v2\/comments?post=102401"}],"version-history":[{"count":1,"href":"https:\/\/tvc16.com\/portal\/wp-json\/wp\/v2\/posts\/102401\/revisions"}],"predecessor-version":[{"id":102402,"href":"https:\/\/tvc16.com\/portal\/wp-json\/wp\/v2\/posts\/102401\/revisions\/102402"}],"wp:featuredmedia":[{"embeddable":true,"href":"https:\/\/tvc16.com\/portal\/wp-json\/wp\/v2\/media\/99900"}],"wp:attachment":[{"href":"https:\/\/tvc16.com\/portal\/wp-json\/wp\/v2\/media?parent=102401"}],"wp:term":[{"taxonomy":"category","embeddable":true,"href":"https:\/\/tvc16.com\/portal\/wp-json\/wp\/v2\/categories?post=102401"},{"taxonomy":"post_tag","embeddable":true,"href":"https:\/\/tvc16.com\/portal\/wp-json\/wp\/v2\/tags?post=102401"}],"curies":[{"name":"wp","href":"https:\/\/api.w.org\/{rel}","templated":true}]}}