{"id":102405,"date":"2025-04-11T09:16:34","date_gmt":"2025-04-11T12:16:34","guid":{"rendered":"https:\/\/tvc16.com\/portal\/?p=102405"},"modified":"2025-04-11T09:16:36","modified_gmt":"2025-04-11T12:16:36","slug":"ministerio-vai-propor-isencao-de-energia-para-60-milhoes-de-pessoas","status":"publish","type":"post","link":"https:\/\/tvc16.com\/portal\/2025\/04\/11\/ministerio-vai-propor-isencao-de-energia-para-60-milhoes-de-pessoas\/","title":{"rendered":"Minist\u00e9rio vai propor isen\u00e7\u00e3o de energia para 60 milh\u00f5es de pessoas"},"content":{"rendered":"\n<p><em>Projeto de lei deve ser encaminhado ao Congresso, disse Silveira<\/em><\/p>\n\n\n\n<p>Por Vitor Abdala &#8211; rep\u00f3rter da Ag\u00eancia Brasil \/ Foto: Marcello Casal JrAg\u00eancia Brasil<\/p>\n\n\n\n<p><\/p>\n\n\n\n<p>O Minist\u00e9rio de Minas e Energia trabalha em&nbsp;um projeto de lei de reforma do setor el\u00e9trico brasileiro. Entre as propostas, est\u00e1 a amplia\u00e7\u00e3o da tarifa social, que hoje oferece descontos no pagamento da conta de energia para ind\u00edgenas, quilombolas, idosos que recebem Benef\u00edcio de Presta\u00e7\u00e3o Continuada (BPC) e fam\u00edlias inscritas no Cadastro \u00danico (Cad\u00danico) do governo federal com renda at\u00e9 meio sal\u00e1rio \u00fanico.<img decoding=\"async\" src=\"https:\/\/agenciabrasil.ebc.com.br\/ebc.png?id=1638483&amp;o=node\"><img decoding=\"async\" src=\"https:\/\/agenciabrasil.ebc.com.br\/ebc.gif?id=1638483&amp;o=node\"><\/p>\n\n\n\n<p><strong>A ideia \u00e9 que haja uma isen\u00e7\u00e3o de pagamento de tarifa de energia el\u00e9trica para essas popula\u00e7\u00f5es&nbsp;caso elas consumam at\u00e9 80 kWh por m\u00eas, o que chegaria a 60 milh\u00f5es de pessoas no pa\u00eds.<\/strong><\/p>\n\n\n\n<p>Atualmente, a isen\u00e7\u00e3o completa do pagamento em caso de consumo de at\u00e9 50 kWh vale para ind\u00edgenas e quilombolas, enquanto os idosos com BPC e as fam\u00edlias do Cad\u00danico t\u00eam direito a descontos escalonados de at\u00e9 65%, caso o consumo seja menor que 220kWh.<\/p>\n\n\n\n<p>&#8220;Mais de 60 milh\u00f5es de brasileiras e brasileiros ser\u00e3o beneficiados com a gratuidade de energia do consumo at\u00e9 80 gigawatt por m\u00eas. Isso representa o consumo de uma fam\u00edlia que tem uma geladeira, um chuveiro el\u00e9trico, ferro de passar, carregador de celular, televis\u00e3o, l\u00e2mpadas para seis c\u00f4modos\u201d, disse o ministro de Minas e Energia, Alexandre Silveira, em evento no Rio de Janeiro.<\/p>\n\n\n\n<p>O ministro n\u00e3o explicou sobre o que ser\u00e1 feito em rela\u00e7\u00e3o aos descontos escalonados que hoje s\u00e3o aplicados para consumos at\u00e9 220 kWh. Segundo ele, a ideia \u00e9 subsidiar a pol\u00edtica atrav\u00e9s da corre\u00e7\u00e3o de &#8220;distor\u00e7\u00f5es internas do setor\u201d.<\/p>\n\n\n\n<p>\u201cSe voc\u00ea v\u00ea o projeto como um todo, voc\u00ea vai ver que estamos fazendo ali uma completa e poss\u00edvel justi\u00e7a tarif\u00e1ria, corrigindo as distor\u00e7\u00f5es dentro do setor. E isso n\u00e3o impacta praticamente o restante dos consumidores\u201d.<\/p>\n\n\n\n<p>Uma das distor\u00e7\u00f5es, de acordo com Silveira, \u00e9 o pagamento sobre a seguran\u00e7a energ\u00e9tica.<\/p>\n\n\n\n<blockquote class=\"wp-block-quote is-layout-flow wp-block-quote-is-layout-flow\">\n<p>&#8220;O pobre paga mais que o rico&nbsp;na quest\u00e3o, em especial, da seguran\u00e7a energ\u00e9tica, para se pagar Angra 1 e 2 e as t\u00e9rmicas. S\u00f3 o pobre paga. Boa parte do mercado livre n\u00e3o paga por essa seguran\u00e7a energ\u00e9tica ou paga pouco. Ent\u00e3o, estamos reequilibrando essa quest\u00e3o do pagamento por parte do pobre, do mercado regulado e da classe m\u00e9dia&#8221;.<\/p>\n<\/blockquote>\n\n\n\n<p><strong>Outra proposta do projeto de lei, que dever\u00e1 ser encaminhada \u00e0 Casa Civil da Presid\u00eancia ainda este m\u00eas&nbsp;\u00e9 dar mais liberdade de escolha para o consumidor, inclusive residencial, em rela\u00e7\u00e3o \u00e0 origem da energia que ele ir\u00e1 consumir.<\/strong><\/p>\n\n\n\n<p>\u201cO cara vai poder comprar energia como compra em Portugal ou na Espanha. Ele escolhe a fonte energ\u00e9tica que ele quer comprar, pelo celular. Ele vai poder escolher a fonte, o pre\u00e7o e ele vai poder pagar da forma que ele quiser. Pode pagar tanto atrav\u00e9s da distribuidora quanto pode emitir um boleto direto ou pagar pela internet\u201d.<br><\/p>\n","protected":false},"excerpt":{"rendered":"<p>Projeto de lei deve ser encaminhado ao Congresso, disse Silveira Por Vitor Abdala &#8211; rep\u00f3rter<\/p>\n","protected":false},"author":2,"featured_media":102406,"comment_status":"open","ping_status":"open","sticky":false,"template":"","format":"standard","meta":{"footnotes":""},"categories":[17],"tags":[],"class_list":["post-102405","post","type-post","status-publish","format-standard","has-post-thumbnail","hentry","category-outras-noticias"],"_links":{"self":[{"href":"https:\/\/tvc16.com\/portal\/wp-json\/wp\/v2\/posts\/102405","targetHints":{"allow":["GET"]}}],"collection":[{"href":"https:\/\/tvc16.com\/portal\/wp-json\/wp\/v2\/posts"}],"about":[{"href":"https:\/\/tvc16.com\/portal\/wp-json\/wp\/v2\/types\/post"}],"author":[{"embeddable":true,"href":"https:\/\/tvc16.com\/portal\/wp-json\/wp\/v2\/users\/2"}],"replies":[{"embeddable":true,"href":"https:\/\/tvc16.com\/portal\/wp-json\/wp\/v2\/comments?post=102405"}],"version-history":[{"count":1,"href":"https:\/\/tvc16.com\/portal\/wp-json\/wp\/v2\/posts\/102405\/revisions"}],"predecessor-version":[{"id":102407,"href":"https:\/\/tvc16.com\/portal\/wp-json\/wp\/v2\/posts\/102405\/revisions\/102407"}],"wp:featuredmedia":[{"embeddable":true,"href":"https:\/\/tvc16.com\/portal\/wp-json\/wp\/v2\/media\/102406"}],"wp:attachment":[{"href":"https:\/\/tvc16.com\/portal\/wp-json\/wp\/v2\/media?parent=102405"}],"wp:term":[{"taxonomy":"category","embeddable":true,"href":"https:\/\/tvc16.com\/portal\/wp-json\/wp\/v2\/categories?post=102405"},{"taxonomy":"post_tag","embeddable":true,"href":"https:\/\/tvc16.com\/portal\/wp-json\/wp\/v2\/tags?post=102405"}],"curies":[{"name":"wp","href":"https:\/\/api.w.org\/{rel}","templated":true}]}}