{"id":102408,"date":"2025-04-11T09:46:49","date_gmt":"2025-04-11T12:46:49","guid":{"rendered":"https:\/\/tvc16.com\/portal\/?p=102408"},"modified":"2025-04-11T09:46:50","modified_gmt":"2025-04-11T12:46:50","slug":"brasil-comeca-a-exigir-visto-para-eua-canada-e-australia","status":"publish","type":"post","link":"https:\/\/tvc16.com\/portal\/2025\/04\/11\/brasil-comeca-a-exigir-visto-para-eua-canada-e-australia\/","title":{"rendered":"Brasil come\u00e7a a exigir visto para EUA, Canad\u00e1 e Austr\u00e1lia"},"content":{"rendered":"\n<p><em>Jap\u00e3o saiu da lista de pa\u00edses que exigem visto de cidad\u00e3os brasileiros<\/em><\/p>\n\n\n\n<p>Por Ag\u00eancia Brasil \/ Foto: Marcello Casal JrAg\u00eancia Brasil<\/p>\n\n\n\n<p><\/p>\n\n\n\n<p><strong>O Brasil come\u00e7a, nesta quinta-feira (10), a exigir visto para cidad\u00e3os da Austr\u00e1lia, do Canad\u00e1 e dos Estados Unidos, conforme previsto em&nbsp;<a href=\"https:\/\/www.planalto.gov.br\/ccivil_03\/_ato2023-2026\/2023\/decreto\/d11515.htm\" target=\"_blank\" rel=\"noreferrer noopener\">decreto<\/a>.<\/strong><img decoding=\"async\" src=\"https:\/\/agenciabrasil.ebc.com.br\/ebc.png?id=1638388&amp;o=node\"><img decoding=\"async\" src=\"https:\/\/agenciabrasil.ebc.com.br\/ebc.gif?id=1638388&amp;o=node\"><\/p>\n\n\n\n<p>De acordo com o Minist\u00e9rio das Rela\u00e7\u00f5es Exteriores (MRE), a decis\u00e3o do governo brasileiro foi tomada em maio de 2023 em respeito ao princ\u00edpio da reciprocidade.&nbsp;<\/p>\n\n\n\n<p><strong>A medida ocorre porque nos tr\u00eas pa\u00edses citados n\u00e3o h\u00e1 isen\u00e7\u00e3o de vistos aos nacionais brasileiros e &#8220;o Brasil n\u00e3o concede isen\u00e7\u00e3o unilateral de vistos de visita&#8221;.<\/strong><\/p>\n\n\n\n<p>O Itamaraty informou que o governo brasileiro segue negociando acordos de isen\u00e7\u00e3o de vistos em bases rec\u00edprocas com os pa\u00edses mencionados.&nbsp;<\/p>\n\n\n\n<p><strong><a href=\"https:\/\/x.com\/celsosabinoofc\/status\/1899105861106090141\" target=\"_blank\" rel=\"noreferrer noopener\">Em publica\u00e7\u00e3o em uma rede social<\/a>, o ministro do Turismo, Celso Sabino, refor\u00e7ou o posicionamento do governo brasileiro.<\/strong><\/p>\n\n\n\n<p>&#8220;Seguimos em tratativas para que os Estados Unidos isentem os brasileiros da exig\u00eancia do visto, permitindo a reciprocidade para os norte-americanos que visitam o Brasil\u201d, afirmou.<\/p>\n\n\n\n<p>Dados do painel de Chegadas de Turistas Internacionais ao Brasil, da&nbsp;<a href=\"https:\/\/embratur.com.br\/para-o-trader\/inteligencia-de-dados\/paineis-de-dados\/chegadas-internacionais\" target=\"_blank\" rel=\"noreferrer noopener\">Ag\u00eancia Brasileira de Promo\u00e7\u00e3o Internacional do Turismo (Embratur)<\/a>, mostram que, em 2024, o Brasil recebeu 728.537 turistas dos Estados Unidos, 96.540 vindos do Canad\u00e1, e 52.888 da Austr\u00e1lia.<\/p>\n\n\n\n<h2 class=\"wp-block-heading\">Solicita\u00e7\u00e3o do visto<\/h2>\n\n\n\n<p><strong>Os viajantes destes pa\u00edses que chegam ao Brasil por via a\u00e9rea, mar\u00edtima ou terrestre devem solicitar o visto online no&nbsp;<a href=\"http:\/\/brazil.vfsevisa.com\/\" target=\"_blank\" rel=\"noreferrer noopener\">site eVisa<\/a>, com taxa de US$ 80,90, aproximadamente R$ 479.<\/strong>&nbsp;A estada desses visitantes no Brasil n\u00e3o poder\u00e1 exceder 90 dias.<\/p>\n\n\n\n<p>O primeiro passo \u00e9 preencher o formul\u00e1rio de solicita\u00e7\u00e3o de visto e anexar os documentos exigidos como o passaporte.<\/p>\n\n\n\n<p>A solicita\u00e7\u00e3o do visto eletr\u00f4nico deve ser feita com anteced\u00eancia para evitar interrup\u00e7\u00f5es de viagem causadas por atrasos ou conex\u00f5es perdidas, em caso da falta do visto.<\/p>\n\n\n\n<h2 class=\"wp-block-heading\">Projeto de lei<\/h2>\n\n\n\n<p>Ao contr\u00e1rio do que estabelece o decreto presidencial,&nbsp;<a href=\"https:\/\/agenciabrasil.ebc.com.br\/politica\/noticia\/2025-03\/senado-aprova-isencao-de-visto-turistas-dos-eua-australia-e-canada\" target=\"_blank\" rel=\"noreferrer noopener\">o Senado Federal aprovou<\/a>, em mar\u00e7o deste ano, um projeto de lei que suspende a exig\u00eancia de vistos para cidad\u00e3os da Austr\u00e1lia, do Canad\u00e1, dos Estados Unidos e do Jap\u00e3o a partir de 10 de abril. O texto seguiu para aprecia\u00e7\u00e3o da C\u00e2mara dos Deputados e ainda n\u00e3o teve tramita\u00e7\u00e3o.<\/p>\n\n\n\n<p>O projeto de decreto legislativo aprovado no Senado \u00e9 de autoria do senador da oposi\u00e7\u00e3o Carlos Portinho (PL-RJ) e foi relatado por outro parlamentar do mesmo partido, senador Fl\u00e1vio Bolsonaro (PL-RJ).&nbsp;<\/p>\n\n\n\n<h2 class=\"wp-block-heading\">Jap\u00e3o<\/h2>\n\n\n\n<p><strong>Apesar de constar no projeto do Senado, o Jap\u00e3o n\u00e3o est\u00e1 mais na lista dos pa\u00edses que exigem visto dos cidad\u00e3os brasileiros.<\/strong>&nbsp;<\/p>\n\n\n\n<p>Em agosto de 2023, os governos do Brasil e do Jap\u00e3o chegaram a um entendimento para a isen\u00e7\u00e3o rec\u00edproca de vistos de visita para portadores de passaporte comum que viajem por per\u00edodo de at\u00e9 90 dias.&nbsp;<\/p>\n\n\n\n<p><strong>A isen\u00e7\u00e3o entrou em vigor em setembro de 2023 e tem validade de tr\u00eas anos.<\/strong><\/p>\n","protected":false},"excerpt":{"rendered":"<p>Jap\u00e3o saiu da lista de pa\u00edses que exigem visto de cidad\u00e3os brasileiros Por Ag\u00eancia Brasil<\/p>\n","protected":false},"author":2,"featured_media":102409,"comment_status":"open","ping_status":"open","sticky":false,"template":"","format":"standard","meta":{"footnotes":""},"categories":[17],"tags":[],"class_list":["post-102408","post","type-post","status-publish","format-standard","has-post-thumbnail","hentry","category-outras-noticias"],"_links":{"self":[{"href":"https:\/\/tvc16.com\/portal\/wp-json\/wp\/v2\/posts\/102408","targetHints":{"allow":["GET"]}}],"collection":[{"href":"https:\/\/tvc16.com\/portal\/wp-json\/wp\/v2\/posts"}],"about":[{"href":"https:\/\/tvc16.com\/portal\/wp-json\/wp\/v2\/types\/post"}],"author":[{"embeddable":true,"href":"https:\/\/tvc16.com\/portal\/wp-json\/wp\/v2\/users\/2"}],"replies":[{"embeddable":true,"href":"https:\/\/tvc16.com\/portal\/wp-json\/wp\/v2\/comments?post=102408"}],"version-history":[{"count":1,"href":"https:\/\/tvc16.com\/portal\/wp-json\/wp\/v2\/posts\/102408\/revisions"}],"predecessor-version":[{"id":102410,"href":"https:\/\/tvc16.com\/portal\/wp-json\/wp\/v2\/posts\/102408\/revisions\/102410"}],"wp:featuredmedia":[{"embeddable":true,"href":"https:\/\/tvc16.com\/portal\/wp-json\/wp\/v2\/media\/102409"}],"wp:attachment":[{"href":"https:\/\/tvc16.com\/portal\/wp-json\/wp\/v2\/media?parent=102408"}],"wp:term":[{"taxonomy":"category","embeddable":true,"href":"https:\/\/tvc16.com\/portal\/wp-json\/wp\/v2\/categories?post=102408"},{"taxonomy":"post_tag","embeddable":true,"href":"https:\/\/tvc16.com\/portal\/wp-json\/wp\/v2\/tags?post=102408"}],"curies":[{"name":"wp","href":"https:\/\/api.w.org\/{rel}","templated":true}]}}