{"id":102417,"date":"2025-04-11T11:21:51","date_gmt":"2025-04-11T14:21:51","guid":{"rendered":"https:\/\/tvc16.com\/portal\/?p=102417"},"modified":"2025-04-11T11:21:52","modified_gmt":"2025-04-11T14:21:52","slug":"nova-friburgo-gerou-mais-de-400-novos-postos-de-trabalho-em-fevereiro-aponta-firjan","status":"publish","type":"post","link":"https:\/\/tvc16.com\/portal\/2025\/04\/11\/nova-friburgo-gerou-mais-de-400-novos-postos-de-trabalho-em-fevereiro-aponta-firjan\/","title":{"rendered":"Nova Friburgo gerou mais de 400 novos postos de trabalho em fevereiro, aponta Firjan"},"content":{"rendered":"\n<p><strong>O setor de Servi\u00e7os foi respons\u00e1vel pela maioria das contrata\u00e7\u00f5es no mun\u00edcipio&nbsp;<\/strong><\/p>\n\n\n\n<p>Levantamento feito pela&nbsp;<strong>Federa\u00e7\u00e3o das Ind\u00fastrias do Estado do Rio de Janeiro (Firjan)<\/strong>, com base no Cadastro Geral de Empregados e Desempregados (Caged), aponta que Nova Friburgo gerou&nbsp;<strong>407 novas vagas<\/strong>&nbsp;de empregos em fevereiro deste ano. Os dados agregados de todos os setores econ\u00f4micos (ind\u00fastria, com\u00e9rcio, servi\u00e7os e agropecu\u00e1ria) mostram que o setor que mais contratou foi Servi\u00e7os (+279), seguido de Ind\u00fastria (+83).&nbsp;<\/p>\n\n\n\n<p>\u201cNos \u00faltimos dois meses houve uma queda nas contrata\u00e7\u00f5es, mas em fevereiro recuperamos o f\u00f4lego, principalmente para o setor de servi\u00e7os, motivado pelo segmento da educa\u00e7\u00e3o, que liderou as novas vagas, em linha com o per\u00edodo de volta \u00e0s aulas. A Firjan segue investindo na melhoria do ambiente de neg\u00f3cios para promover o desenvolvimento econ\u00f4mico da regi\u00e3o\u201d, afirma&nbsp;<strong>Marcia Carestiato Sancho, presidente da Firjan Centro-Norte Fluminense.&nbsp;<\/strong><\/p>\n\n\n\n<p><strong>N\u00fameros no estado<\/strong><\/p>\n\n\n\n<p>An\u00e1lise&nbsp;destaca ainda que o mercado de trabalho fluminense registrou a cria\u00e7\u00e3o de 31.974 empregos com carteira assinada em fevereiro \u2013 o maior saldo desde novembro de 2021.<\/p>\n\n\n\n<p>O setor de Servi\u00e7os gerou o maior volume de postos de trabalho (+26.174). O segmento da educa\u00e7\u00e3o liderou as contrata\u00e7\u00f5es (+7.383) no setor. Em seguida, aparecem Servi\u00e7os de Escrit\u00f3rio, de Apoio Administrativo e Outros Servi\u00e7os Prestados \u00e0s Empresas (+3.490) e Alimenta\u00e7\u00e3o (+3.200).<\/p>\n\n\n\n<p>A Ind\u00fastria, que contempla as ind\u00fastrias de Transforma\u00e7\u00e3o, Extrativa, Constru\u00e7\u00e3o e os Servi\u00e7os Industriais de Utilidade P\u00fablica, registrou saldo positivo de 5.680 novos empregos &#8211; o melhor resultado desde fevereiro do ano passado. A Constru\u00e7\u00e3o (+3.006) foi o segmento que mais contratou, seguida por Coleta, Tratamento e Disposi\u00e7\u00e3o de Res\u00edduos (+1.639), Atividades de Apoio \u00e0 Extra\u00e7\u00e3o de Minerais (+218) e Fabrica\u00e7\u00e3o de Outros Equipamentos de Transporte, Exceto Ve\u00edculos Automotores (+194). O Com\u00e9rcio (+103) e a Agropecu\u00e1ria (+17) tamb\u00e9m registraram saldo positivo.<\/p>\n\n\n\n<p>A Firjan ressalta ainda que o resultado foi disseminado no estado, com a maior parte dos munic\u00edpios fluminenses gerando vagas em fevereiro: 71 das 92 cidades registraram saldo positivo, com destaque para Capital (+18.992), Maca\u00e9 (+1.588) e Itaperuna (+1.578).<\/p>\n","protected":false},"excerpt":{"rendered":"<p>O setor de Servi\u00e7os foi respons\u00e1vel pela maioria das contrata\u00e7\u00f5es no mun\u00edcipio&nbsp; Levantamento feito pela&nbsp;Federa\u00e7\u00e3o<\/p>\n","protected":false},"author":2,"featured_media":99858,"comment_status":"open","ping_status":"open","sticky":false,"template":"","format":"standard","meta":{"footnotes":""},"categories":[17],"tags":[],"class_list":["post-102417","post","type-post","status-publish","format-standard","has-post-thumbnail","hentry","category-outras-noticias"],"_links":{"self":[{"href":"https:\/\/tvc16.com\/portal\/wp-json\/wp\/v2\/posts\/102417","targetHints":{"allow":["GET"]}}],"collection":[{"href":"https:\/\/tvc16.com\/portal\/wp-json\/wp\/v2\/posts"}],"about":[{"href":"https:\/\/tvc16.com\/portal\/wp-json\/wp\/v2\/types\/post"}],"author":[{"embeddable":true,"href":"https:\/\/tvc16.com\/portal\/wp-json\/wp\/v2\/users\/2"}],"replies":[{"embeddable":true,"href":"https:\/\/tvc16.com\/portal\/wp-json\/wp\/v2\/comments?post=102417"}],"version-history":[{"count":1,"href":"https:\/\/tvc16.com\/portal\/wp-json\/wp\/v2\/posts\/102417\/revisions"}],"predecessor-version":[{"id":102418,"href":"https:\/\/tvc16.com\/portal\/wp-json\/wp\/v2\/posts\/102417\/revisions\/102418"}],"wp:featuredmedia":[{"embeddable":true,"href":"https:\/\/tvc16.com\/portal\/wp-json\/wp\/v2\/media\/99858"}],"wp:attachment":[{"href":"https:\/\/tvc16.com\/portal\/wp-json\/wp\/v2\/media?parent=102417"}],"wp:term":[{"taxonomy":"category","embeddable":true,"href":"https:\/\/tvc16.com\/portal\/wp-json\/wp\/v2\/categories?post=102417"},{"taxonomy":"post_tag","embeddable":true,"href":"https:\/\/tvc16.com\/portal\/wp-json\/wp\/v2\/tags?post=102417"}],"curies":[{"name":"wp","href":"https:\/\/api.w.org\/{rel}","templated":true}]}}