{"id":102420,"date":"2025-04-12T05:00:00","date_gmt":"2025-04-12T08:00:00","guid":{"rendered":"https:\/\/tvc16.com\/portal\/?p=102420"},"modified":"2025-04-11T21:28:59","modified_gmt":"2025-04-12T00:28:59","slug":"ruas-no-entorno-da-catedral-interditadas-neste-sabado","status":"publish","type":"post","link":"https:\/\/tvc16.com\/portal\/2025\/04\/12\/ruas-no-entorno-da-catedral-interditadas-neste-sabado\/","title":{"rendered":"Ruas no entorno da catedral interditadas neste s\u00e1bado"},"content":{"rendered":"\n<p>Interdi\u00e7\u00e3o acontece no per\u00edodo da manh\u00e3, durante a ordena\u00e7\u00e3o episcopal do monsenhor Jos\u00e9 Maria Pereira.<\/p>\n\n\n\n<p>Na manh\u00e3 deste s\u00e1bado (12), a rua S\u00e3o Pedro de Alc\u00e2ntara e a avenida Tiradentes ficam interditadas para o tr\u00e2nsito. A mudan\u00e7a acontece em fun\u00e7\u00e3o da cerim\u00f4nia de ordena\u00e7\u00e3o Episcopal de monsenhor Jos\u00e9 Maria Pereira, que se tornar\u00e1 bispo da igreja Cat\u00f3lica.<\/p>\n\n\n\n<p>A rua S\u00e3o Pedro de Alc\u00e2ntara j\u00e1 ficou fechada desde a manh\u00e3 desta sexta-feira (11), para a montagem da estrutura do evento. E segue fechada na manh\u00e3 deste s\u00e1bado, at\u00e9 meio-dia. J\u00e1 a avenida Tiradentes fica fechada entre 7h e 13h, entre a pra\u00e7a Princesa Isabel e a rua Raul de Leoni.<\/p>\n\n\n\n<p>Com isso, os \u00f4nibus de turismo, que tem ponto fixo na avenida Tiradentes, ter\u00e3o os pontos de parada deslocado para a avenida Piabanha. O trabalho ser\u00e1 organizado por agentes da Companhia Petropolitana de Tr\u00e2nsito e Transportes &#8211; CPTrans, que fazem a sinaliza\u00e7\u00e3o das vagas e orienta\u00e7\u00e3o aos motoristas.<\/p>\n\n\n\n<p>Ordena\u00e7\u00e3o episcopal<\/p>\n\n\n\n<p>A cerim\u00f4nia come\u00e7a \u00e0s 9h, tendo como ordenante o cardeal Orani Jo\u00e3o Tempesta, arcebispo de S\u00e3o Sebasti\u00e3o do Rio de Janeiro, e co-ordenantes dom Joel Portella Amado, bispo diocesano de Petr\u00f3polis, e dom Gilson Andrade Silva, bispo diocesano de Nova Igua\u00e7u e presidente do Regional Leste 1 da CNBB.<\/p>\n\n\n\n<p>A nomea\u00e7\u00e3o de monsenhor Jos\u00e9 Maria pelo papa Francisco, aconteceu no dia 25 de fevereiro, sendo eleito bispo titular de Sigus e auxiliar da arquidiocese de S\u00e3o Sebasti\u00e3o do Rio de Janeiro. A sua apresenta\u00e7\u00e3o na arquidiocese do Rio est\u00e1 marcada para o dia 10 de maio, \u00e0s 8h30, na catedral metropolitana de S\u00e3o Sebasti\u00e3o do Rio de Janeiro.<\/p>\n\n\n\n<p>Monsenhor Jos\u00e9 Maria Pereira \u00e9 o terceiro padre da diocese de Petr\u00f3polis a ser nomeado bispo, sendo que o primeiro foi dom Paulo Machado, bispo de Uberl\u00e2ndia, Minas Gerais, e dom Gilson Andrade, bispo de Nova Igua\u00e7u. Os tr\u00eas foram reitores do Semin\u00e1rio Diocesano Nossa Senhora do Amor Divino.<\/p>\n","protected":false},"excerpt":{"rendered":"<p>Interdi\u00e7\u00e3o acontece no per\u00edodo da manh\u00e3, durante a ordena\u00e7\u00e3o episcopal do monsenhor Jos\u00e9 Maria Pereira.<\/p>\n","protected":false},"author":2,"featured_media":102421,"comment_status":"open","ping_status":"open","sticky":false,"template":"","format":"standard","meta":{"footnotes":""},"categories":[12,1],"tags":[],"class_list":["post-102420","post","type-post","status-publish","format-standard","has-post-thumbnail","hentry","category-cidade","category-uncategorized"],"_links":{"self":[{"href":"https:\/\/tvc16.com\/portal\/wp-json\/wp\/v2\/posts\/102420","targetHints":{"allow":["GET"]}}],"collection":[{"href":"https:\/\/tvc16.com\/portal\/wp-json\/wp\/v2\/posts"}],"about":[{"href":"https:\/\/tvc16.com\/portal\/wp-json\/wp\/v2\/types\/post"}],"author":[{"embeddable":true,"href":"https:\/\/tvc16.com\/portal\/wp-json\/wp\/v2\/users\/2"}],"replies":[{"embeddable":true,"href":"https:\/\/tvc16.com\/portal\/wp-json\/wp\/v2\/comments?post=102420"}],"version-history":[{"count":1,"href":"https:\/\/tvc16.com\/portal\/wp-json\/wp\/v2\/posts\/102420\/revisions"}],"predecessor-version":[{"id":102422,"href":"https:\/\/tvc16.com\/portal\/wp-json\/wp\/v2\/posts\/102420\/revisions\/102422"}],"wp:featuredmedia":[{"embeddable":true,"href":"https:\/\/tvc16.com\/portal\/wp-json\/wp\/v2\/media\/102421"}],"wp:attachment":[{"href":"https:\/\/tvc16.com\/portal\/wp-json\/wp\/v2\/media?parent=102420"}],"wp:term":[{"taxonomy":"category","embeddable":true,"href":"https:\/\/tvc16.com\/portal\/wp-json\/wp\/v2\/categories?post=102420"},{"taxonomy":"post_tag","embeddable":true,"href":"https:\/\/tvc16.com\/portal\/wp-json\/wp\/v2\/tags?post=102420"}],"curies":[{"name":"wp","href":"https:\/\/api.w.org\/{rel}","templated":true}]}}