{"id":102423,"date":"2025-04-12T09:00:00","date_gmt":"2025-04-12T12:00:00","guid":{"rendered":"https:\/\/tvc16.com\/portal\/?p=102423"},"modified":"2025-04-11T21:31:56","modified_gmt":"2025-04-12T00:31:56","slug":"governo-do-estado-e-prefeitura-de-petropolis-inauguram-obras-do-tunel-extravasor","status":"publish","type":"post","link":"https:\/\/tvc16.com\/portal\/2025\/04\/12\/governo-do-estado-e-prefeitura-de-petropolis-inauguram-obras-do-tunel-extravasor\/","title":{"rendered":"Governo do Estado e Prefeitura de Petr\u00f3polis inauguram obras do t\u00fanel extravasor"},"content":{"rendered":"\n<p>A Prefeitura de Petr\u00f3polis e o Governo do Estado do Rio de Janeiro inauguraram nesta sexta-feira (11) as obras de reforma do t\u00fanel extravasor. Essa \u00e9 uma das mais importantes obras do estado no munic\u00edpio, que recebeu um investimento de R$ 79 milh\u00f5es. O t\u00fanel garante o escoamento das \u00e1guas do rio Palatino, evita o encontro com o rio Quitandinha e reduz os alagamentos na regi\u00e3o central da cidade.<\/p>\n\n\n\n<p>\u201cHoje \u00e9 um dia muito importante pra gente, essa obra \u00e9 aguardada h\u00e1 muitos anos pelo nosso munic\u00edpio, acompanhamos essa luta desde 2022 e \u00e9 emocionante para todos n\u00f3s ver a obra conclu\u00edda. Com esse novo equipamento poderemos evitar preju\u00edzos com os alagamentos no centro da cidade\u201d comentou o prefeito de Petr\u00f3polis, Hingo Hammes.<\/p>\n\n\n\n<p>O t\u00fanel extravasor foi constru\u00eddo na d\u00e9cada de 1960 e, desde ent\u00e3o, n\u00e3o passava por manuten\u00e7\u00e3o. Ele tem uma extens\u00e3o de quase tr\u00eas quil\u00f4metros, composto por um quil\u00f4metro de t\u00fanel escavado e aproximadamente 2,5 quil\u00f4metros de estrutura at\u00e9 seu des\u00e1gue no rio Piabanha. O Governo do Estado assumiu a reforma depois da trag\u00e9dia de 2022, quando a estrutura colapsou com a trag\u00e9dia clim\u00e1tica que atingiu a cidade.<\/p>\n\n\n\n<p>\u201cAs vezes chega uma chuva e leva tudo aquilo que a gente construiu com tanto esfor\u00e7o. N\u00f3s temos que proteger as vidas e tudo aquilo que elas constru\u00edram. Eu vou continuar investindo para mudar a vida das pessoas para melhor\u201d, disse o Governador do Rio de Janeiro, Cl\u00e1udio Castro.<\/p>\n\n\n\n<p>As interven\u00e7\u00f5es no t\u00fanel foram divididas em duas etapas: Foram feitos servi\u00e7os de concretagem no fundo da galeria subterr\u00e2nea, instala\u00e7\u00e3o de comportas na entrada do t\u00fanel no rio Palatino, na altura da Rua Souza Franco e jateamento de concreto nas paredes e no teto. Al\u00e9m disso, foi feita aplica\u00e7\u00e3o de resina anticorrosiva no concreto e manuten\u00e7\u00e3o completa na galeria superior. A obra foi uma solicita\u00e7\u00e3o do Secret\u00e1rio de Estado do Ambiente e Sustentabilidade, Bernardo Rossi.<\/p>\n\n\n\n<p>\u201cQuem \u00e9 morador do Quissam\u00e3 sabe das crateras que estavam no bairro. Se n\u00e3o fosse essa obra no t\u00fanel extravasor, a cidade n\u00e3o teria conseguido suportar esse \u00faltimo per\u00edodo que teve mais de 300 mm de chuva em 24 horas\u201d, concluiu o Secret\u00e1rio de Estado do Ambiente e Sustentabilidade, Bernardo Rossi.<\/p>\n","protected":false},"excerpt":{"rendered":"<p>A Prefeitura de Petr\u00f3polis e o Governo do Estado do Rio de Janeiro inauguraram nesta<\/p>\n","protected":false},"author":2,"featured_media":102424,"comment_status":"open","ping_status":"open","sticky":false,"template":"","format":"standard","meta":{"footnotes":""},"categories":[12],"tags":[],"class_list":["post-102423","post","type-post","status-publish","format-standard","has-post-thumbnail","hentry","category-cidade"],"_links":{"self":[{"href":"https:\/\/tvc16.com\/portal\/wp-json\/wp\/v2\/posts\/102423","targetHints":{"allow":["GET"]}}],"collection":[{"href":"https:\/\/tvc16.com\/portal\/wp-json\/wp\/v2\/posts"}],"about":[{"href":"https:\/\/tvc16.com\/portal\/wp-json\/wp\/v2\/types\/post"}],"author":[{"embeddable":true,"href":"https:\/\/tvc16.com\/portal\/wp-json\/wp\/v2\/users\/2"}],"replies":[{"embeddable":true,"href":"https:\/\/tvc16.com\/portal\/wp-json\/wp\/v2\/comments?post=102423"}],"version-history":[{"count":1,"href":"https:\/\/tvc16.com\/portal\/wp-json\/wp\/v2\/posts\/102423\/revisions"}],"predecessor-version":[{"id":102425,"href":"https:\/\/tvc16.com\/portal\/wp-json\/wp\/v2\/posts\/102423\/revisions\/102425"}],"wp:featuredmedia":[{"embeddable":true,"href":"https:\/\/tvc16.com\/portal\/wp-json\/wp\/v2\/media\/102424"}],"wp:attachment":[{"href":"https:\/\/tvc16.com\/portal\/wp-json\/wp\/v2\/media?parent=102423"}],"wp:term":[{"taxonomy":"category","embeddable":true,"href":"https:\/\/tvc16.com\/portal\/wp-json\/wp\/v2\/categories?post=102423"},{"taxonomy":"post_tag","embeddable":true,"href":"https:\/\/tvc16.com\/portal\/wp-json\/wp\/v2\/tags?post=102423"}],"curies":[{"name":"wp","href":"https:\/\/api.w.org\/{rel}","templated":true}]}}