{"id":102426,"date":"2025-04-12T11:00:00","date_gmt":"2025-04-12T14:00:00","guid":{"rendered":"https:\/\/tvc16.com\/portal\/?p=102426"},"modified":"2025-04-11T21:37:04","modified_gmt":"2025-04-12T00:37:04","slug":"coletoras-de-residuos-recem-instaladas-sao-incendiadas-em-itaipava","status":"publish","type":"post","link":"https:\/\/tvc16.com\/portal\/2025\/04\/12\/coletoras-de-residuos-recem-instaladas-sao-incendiadas-em-itaipava\/","title":{"rendered":"Coletoras de res\u00edduos rec\u00e9m-instaladas s\u00e3o incendiadas em Itaipava"},"content":{"rendered":"\n<p>Duas novas coletoras de res\u00edduos domiciliares foram incendiadas na madrugada desta sexta-feira (11), em Itaipava. Os equipamentos haviam sido instalados pela Companhia Municipal de Desenvolvimento de Petr\u00f3polis (Comdep), \u00e0s 11h da \u00faltima quarta-feira (09), com o objetivo de ampliar a cobertura da coleta no distrito e oferecer \u00e0 popula\u00e7\u00e3o mais um ponto adequado para o descarte de lixo.<br>A destrui\u00e7\u00e3o ocorreu menos de 48 horas ap\u00f3s a instala\u00e7\u00e3o das coletoras, na Estrada Uni\u00e3o e Ind\u00fastria, altura do n\u00famero 14.490. Diante do ocorrido, a Comdep acionou seu setor jur\u00eddico, e o registro da ocorr\u00eancia ser\u00e1 feito na delegacia da cidade, para que o caso seja investigado e os respons\u00e1veis responsabilizados.<br>\u201c\u00c9 muito frustrante ver esse tipo de atitude. Estamos trabalhando para melhorar a limpeza da cidade e oferecer melhores condi\u00e7\u00f5es para todos. Atos como esse prejudicam a popula\u00e7\u00e3o, geram custos desnecess\u00e1rios e atrasam o avan\u00e7o dos servi\u00e7os\u201d, afirmou a presidente da Comdep, Fernanda Ferreira.<br>A Prefeitura refor\u00e7a que atos de vandalismo contra o patrim\u00f4nio p\u00fablico s\u00e3o crimes. De acordo com o C\u00f3digo Penal Brasileiro, danificar, inutilizar ou deteriorar bem p\u00fablico \u00e9 infra\u00e7\u00e3o prevista no artigo 163, com pena que pode chegar a tr\u00eas anos de deten\u00e7\u00e3o, al\u00e9m de multa. Quando cometido contra bens da Uni\u00e3o, estados ou munic\u00edpios, a pena pode ser aumentada.<\/p>\n","protected":false},"excerpt":{"rendered":"<p>Duas novas coletoras de res\u00edduos domiciliares foram incendiadas na madrugada desta sexta-feira (11), em Itaipava.<\/p>\n","protected":false},"author":2,"featured_media":102427,"comment_status":"open","ping_status":"open","sticky":false,"template":"","format":"standard","meta":{"footnotes":""},"categories":[12],"tags":[],"class_list":["post-102426","post","type-post","status-publish","format-standard","has-post-thumbnail","hentry","category-cidade"],"_links":{"self":[{"href":"https:\/\/tvc16.com\/portal\/wp-json\/wp\/v2\/posts\/102426","targetHints":{"allow":["GET"]}}],"collection":[{"href":"https:\/\/tvc16.com\/portal\/wp-json\/wp\/v2\/posts"}],"about":[{"href":"https:\/\/tvc16.com\/portal\/wp-json\/wp\/v2\/types\/post"}],"author":[{"embeddable":true,"href":"https:\/\/tvc16.com\/portal\/wp-json\/wp\/v2\/users\/2"}],"replies":[{"embeddable":true,"href":"https:\/\/tvc16.com\/portal\/wp-json\/wp\/v2\/comments?post=102426"}],"version-history":[{"count":1,"href":"https:\/\/tvc16.com\/portal\/wp-json\/wp\/v2\/posts\/102426\/revisions"}],"predecessor-version":[{"id":102428,"href":"https:\/\/tvc16.com\/portal\/wp-json\/wp\/v2\/posts\/102426\/revisions\/102428"}],"wp:featuredmedia":[{"embeddable":true,"href":"https:\/\/tvc16.com\/portal\/wp-json\/wp\/v2\/media\/102427"}],"wp:attachment":[{"href":"https:\/\/tvc16.com\/portal\/wp-json\/wp\/v2\/media?parent=102426"}],"wp:term":[{"taxonomy":"category","embeddable":true,"href":"https:\/\/tvc16.com\/portal\/wp-json\/wp\/v2\/categories?post=102426"},{"taxonomy":"post_tag","embeddable":true,"href":"https:\/\/tvc16.com\/portal\/wp-json\/wp\/v2\/tags?post=102426"}],"curies":[{"name":"wp","href":"https:\/\/api.w.org\/{rel}","templated":true}]}}