{"id":102429,"date":"2025-04-12T13:00:00","date_gmt":"2025-04-12T16:00:00","guid":{"rendered":"https:\/\/tvc16.com\/portal\/?p=102429"},"modified":"2025-04-11T21:40:05","modified_gmt":"2025-04-12T00:40:05","slug":"prefeitura-da-pronta-resposta-as-chuvas-com-acoes-de-limpeza-na-estrada-das-arcas-uniao-e-industria-rio-de-correas-e-forca-tarefa-em-nogueira","status":"publish","type":"post","link":"https:\/\/tvc16.com\/portal\/2025\/04\/12\/prefeitura-da-pronta-resposta-as-chuvas-com-acoes-de-limpeza-na-estrada-das-arcas-uniao-e-industria-rio-de-correas-e-forca-tarefa-em-nogueira\/","title":{"rendered":"Prefeitura d\u00e1 pronta resposta \u00e0s chuvas com a\u00e7\u00f5es de limpeza na Estrada das Arcas, Uni\u00e3o e Ind\u00fastria, Rio de Corr\u00eaas e for\u00e7a-tarefa em Nogueira"},"content":{"rendered":"\n<p>A Prefeitura, por meio da Comdep, deu pronta resposta aos impactos das chuvas que atingiram a cidade na tarde de quinta-feira, com reflexos principalmente nas regi\u00f5es dos distritos. As a\u00e7\u00f5es se concentraram em Itaipava, onde equipes de limpeza e corte de \u00e1rvores, al\u00e9m de m\u00e1quinas e caminh\u00f5es da companhia, foram mobilizados.<br>Na Estrada das Arcas, os servi\u00e7os inclu\u00edram corte de \u00e1rvore, raspagem de lama e limpeza da via principal. J\u00e1 na Estrada Uni\u00e3o e Ind\u00fastria, na altura do n\u00famero 11.390, foram realizados servi\u00e7os de raspagem e limpeza completa da pista.<br>Ainda nesta sexta-feira, a Comdep realizou a limpeza do rio, na altura da ponte de Corr\u00eaas e na entrada do Bonfim, onde ficaram res\u00edduos arrastados pelas chuvas. A a\u00e7\u00e3o contou com o apoio do Governo do Estado, por meio da Secretaria de Estado do Ambiente e Sustentabilidade e do Instituto Estadual do Ambiente (INEA), ampliando os esfor\u00e7os para minimizar os impactos das chuvas e garantir mais seguran\u00e7a \u00e0 popula\u00e7\u00e3o.<br>Ao longo da semana, em resposta \u00e0s chuvas do fim de semana anterior, a Comdep concluiu uma grande a\u00e7\u00e3o de limpeza no bairro Nogueira. O trabalho foi feito \u00e0 noite, para evitar transtornos no fluxo de pessoas. As cal\u00e7adas da regi\u00e3o foram lavadas com \u00e1gua e sab\u00e3o, com o apoio de caminh\u00f5es-pipa e m\u00e1quinas hidrojato.<br>As opera\u00e7\u00f5es fazem parte do refor\u00e7o nas a\u00e7\u00f5es de limpeza urbana ap\u00f3s o per\u00edodo de fortes chuvas. Quase 70 ruas j\u00e1 foram atendidas com retirada de galhos, desobstru\u00e7\u00e3o de vias e remo\u00e7\u00e3o de lama. As equipes seguem atuando em todas as regi\u00f5es impactadas da cidade.<br>\u201cEstamos trabalhando para que a cidade volte \u00e0 normalidade o mais r\u00e1pido poss\u00edvel. A Comdep tem atuado com agilidade e comprometimento, garantindo limpeza e seguran\u00e7a para a popula\u00e7\u00e3o\u201d, destacou o prefeito Hingo Hammes.<br>A presidente da Comdep, Fernanda Ferreira, refor\u00e7ou que o trabalho segue. \u201cA opera\u00e7\u00e3o em Nogueira \u00e9 mais um exemplo do esfor\u00e7o coletivo. A limpeza urbana \u00e9 essencial em momentos como este. Seguimos com nosso time e estrutura nas ruas, garantindo que os espa\u00e7os p\u00fablicos estejam limpos, organizados e seguros\u201d.<\/p>\n","protected":false},"excerpt":{"rendered":"<p>A Prefeitura, por meio da Comdep, deu pronta resposta aos impactos das chuvas que atingiram<\/p>\n","protected":false},"author":2,"featured_media":102430,"comment_status":"open","ping_status":"open","sticky":false,"template":"","format":"standard","meta":{"footnotes":""},"categories":[12],"tags":[],"class_list":["post-102429","post","type-post","status-publish","format-standard","has-post-thumbnail","hentry","category-cidade"],"_links":{"self":[{"href":"https:\/\/tvc16.com\/portal\/wp-json\/wp\/v2\/posts\/102429","targetHints":{"allow":["GET"]}}],"collection":[{"href":"https:\/\/tvc16.com\/portal\/wp-json\/wp\/v2\/posts"}],"about":[{"href":"https:\/\/tvc16.com\/portal\/wp-json\/wp\/v2\/types\/post"}],"author":[{"embeddable":true,"href":"https:\/\/tvc16.com\/portal\/wp-json\/wp\/v2\/users\/2"}],"replies":[{"embeddable":true,"href":"https:\/\/tvc16.com\/portal\/wp-json\/wp\/v2\/comments?post=102429"}],"version-history":[{"count":1,"href":"https:\/\/tvc16.com\/portal\/wp-json\/wp\/v2\/posts\/102429\/revisions"}],"predecessor-version":[{"id":102431,"href":"https:\/\/tvc16.com\/portal\/wp-json\/wp\/v2\/posts\/102429\/revisions\/102431"}],"wp:featuredmedia":[{"embeddable":true,"href":"https:\/\/tvc16.com\/portal\/wp-json\/wp\/v2\/media\/102430"}],"wp:attachment":[{"href":"https:\/\/tvc16.com\/portal\/wp-json\/wp\/v2\/media?parent=102429"}],"wp:term":[{"taxonomy":"category","embeddable":true,"href":"https:\/\/tvc16.com\/portal\/wp-json\/wp\/v2\/categories?post=102429"},{"taxonomy":"post_tag","embeddable":true,"href":"https:\/\/tvc16.com\/portal\/wp-json\/wp\/v2\/tags?post=102429"}],"curies":[{"name":"wp","href":"https:\/\/api.w.org\/{rel}","templated":true}]}}