{"id":102435,"date":"2025-04-12T19:00:00","date_gmt":"2025-04-12T22:00:00","guid":{"rendered":"https:\/\/tvc16.com\/portal\/?p=102435"},"modified":"2025-04-11T21:55:37","modified_gmt":"2025-04-12T00:55:37","slug":"funcionarios-da-secretaria-de-meio-ambiente-recebem-capacitacao-sobre-animais-peconhentos","status":"publish","type":"post","link":"https:\/\/tvc16.com\/portal\/2025\/04\/12\/funcionarios-da-secretaria-de-meio-ambiente-recebem-capacitacao-sobre-animais-peconhentos\/","title":{"rendered":"Funcion\u00e1rios da Secretaria de Meio Ambiente recebem capacita\u00e7\u00e3o sobre animais pe\u00e7onhentos"},"content":{"rendered":"\n<p>Os servidores da Secretaria de Meio Ambiente participaram, na manh\u00e3 desta sexta-feira (11), de um curso de capacita\u00e7\u00e3o com o tema \u201cAnimais Pe\u00e7onhentos: Identifica\u00e7\u00e3o e Preven\u00e7\u00e3o de Acidentes\u201d. A atividade, solicitada pela pr\u00f3pria secretaria, foi ministrada pelo bi\u00f3logo Dione Storck, da Coordenadoria de Vigil\u00e2ncia Ambiental, vinculada \u00e0 Secretaria de Sa\u00fade.<br>A ideia \u00e9 capacitar, de forma cont\u00ednua, os \u00f3rg\u00e3os da Prefeitura e demais setores com atua\u00e7\u00e3o relacionada ao meio ambiente. Na semana passada, um grupo de servidores participou de uma forma\u00e7\u00e3o no Instituto Vital Brazil, e, nesta semana, a capacita\u00e7\u00e3o aconteceu em Petr\u00f3polis, ampliando o alcance e facilitando o acesso ao conte\u00fado por mais profissionais da \u00e1rea. \u201cProfissionais bem preparados prestam servi\u00e7os melhores \u00e0 popula\u00e7\u00e3o e, principalmente, atuam com mais seguran\u00e7a e consci\u00eancia no dia a dia. Essa capacita\u00e7\u00e3o refor\u00e7a o cuidado que temos com as equipes e com a prote\u00e7\u00e3o ambiental da nossa cidade\u201d, disse o prefeito Hingo Hammes.<br>A capacita\u00e7\u00e3o, segundo o vice-prefeito e secret\u00e1rio de Meio Ambiente, Albano Filho, o Baninho, teve como objetivo ampliar o conhecimento t\u00e9cnico dos profissionais que atuam em \u00e1reas externas, como trilhas, matas e locais de preserva\u00e7\u00e3o ambiental, onde \u00e9 comum o aparecimento de animais como cobras, aranhas e escorpi\u00f5es. \u201cAl\u00e9m de ensinar a identificar corretamente esses animais, o curso tamb\u00e9m abordou pr\u00e1ticas preventivas e orienta\u00e7\u00f5es de primeiros socorros em caso de acidentes\u201d, explica.<br>A capacita\u00e7\u00e3o tamb\u00e9m contribui com as estrat\u00e9gias de educa\u00e7\u00e3o ambiental e seguran\u00e7a do trabalho, fortalecendo a atua\u00e7\u00e3o integrada das secretarias em prol da preserva\u00e7\u00e3o da natureza e seguran\u00e7a dos servidores.<\/p>\n","protected":false},"excerpt":{"rendered":"<p>Os servidores da Secretaria de Meio Ambiente participaram, na manh\u00e3 desta sexta-feira (11), de um<\/p>\n","protected":false},"author":2,"featured_media":102436,"comment_status":"open","ping_status":"open","sticky":false,"template":"","format":"standard","meta":{"footnotes":""},"categories":[12],"tags":[],"class_list":["post-102435","post","type-post","status-publish","format-standard","has-post-thumbnail","hentry","category-cidade"],"_links":{"self":[{"href":"https:\/\/tvc16.com\/portal\/wp-json\/wp\/v2\/posts\/102435","targetHints":{"allow":["GET"]}}],"collection":[{"href":"https:\/\/tvc16.com\/portal\/wp-json\/wp\/v2\/posts"}],"about":[{"href":"https:\/\/tvc16.com\/portal\/wp-json\/wp\/v2\/types\/post"}],"author":[{"embeddable":true,"href":"https:\/\/tvc16.com\/portal\/wp-json\/wp\/v2\/users\/2"}],"replies":[{"embeddable":true,"href":"https:\/\/tvc16.com\/portal\/wp-json\/wp\/v2\/comments?post=102435"}],"version-history":[{"count":1,"href":"https:\/\/tvc16.com\/portal\/wp-json\/wp\/v2\/posts\/102435\/revisions"}],"predecessor-version":[{"id":102437,"href":"https:\/\/tvc16.com\/portal\/wp-json\/wp\/v2\/posts\/102435\/revisions\/102437"}],"wp:featuredmedia":[{"embeddable":true,"href":"https:\/\/tvc16.com\/portal\/wp-json\/wp\/v2\/media\/102436"}],"wp:attachment":[{"href":"https:\/\/tvc16.com\/portal\/wp-json\/wp\/v2\/media?parent=102435"}],"wp:term":[{"taxonomy":"category","embeddable":true,"href":"https:\/\/tvc16.com\/portal\/wp-json\/wp\/v2\/categories?post=102435"},{"taxonomy":"post_tag","embeddable":true,"href":"https:\/\/tvc16.com\/portal\/wp-json\/wp\/v2\/tags?post=102435"}],"curies":[{"name":"wp","href":"https:\/\/api.w.org\/{rel}","templated":true}]}}