{"id":102441,"date":"2025-04-12T06:00:00","date_gmt":"2025-04-12T09:00:00","guid":{"rendered":"https:\/\/tvc16.com\/portal\/?p=102441"},"modified":"2025-04-11T22:08:15","modified_gmt":"2025-04-12T01:08:15","slug":"greve-de-medicos-peritos-da-previdencia-termina-apos-235-dias","status":"publish","type":"post","link":"https:\/\/tvc16.com\/portal\/2025\/04\/12\/greve-de-medicos-peritos-da-previdencia-termina-apos-235-dias\/","title":{"rendered":"Greve de m\u00e9dicos peritos da Previd\u00eancia termina ap\u00f3s 235 dias"},"content":{"rendered":"\n<p>INSS normalizar\u00e1 atendimento a partir de segunda-feira<\/p>\n\n\n\n<p>Ap\u00f3s 235 dias de paralisa\u00e7\u00e3o, os m\u00e9dicos peritos do Minist\u00e9rio da Previd\u00eancia Social encerraram a greve nesta sexta-feira\u00a0(11). O Instituto Nacional do Seguro Social (INSS) normalizar\u00e1 o atendimento a partir de segunda-feira (14).<img decoding=\"async\" src=\"https:\/\/agenciabrasil.ebc.com.br\/ebc.png?id=1638725&amp;o=node\"><img decoding=\"async\" src=\"https:\/\/agenciabrasil.ebc.com.br\/ebc.gif?id=1638725&amp;o=node\"><\/p>\n\n\n\n<p>Com a assinatura do acordo, a categoria repor\u00e1 os dias parados, e o minist\u00e9rio restituir\u00e1 o sal\u00e1rio descontado.\u00a0Desde agosto do ano passado, cerca de 300 m\u00e9dicos peritos, cerca de 10% do total, estavam parados, na maior greve da hist\u00f3ria da carreira.<\/p>\n\n\n\n<p>Em nota, a\u00a0Associa\u00e7\u00e3o Nacional dos M\u00e9dicos Peritos (ANMP) informou que os ganhos ficaram aqu\u00e9m do esperado, mas que o acordo assinado traz abertura para futuros avan\u00e7os.\u00a0A entidade tamb\u00e9m comemorou a revers\u00e3o de riscos disciplinares e a restitui\u00e7\u00e3o dos sal\u00e1rios descontados.<\/p>\n\n\n\n<p>\u201cPor certo, o pacto firmado n\u00e3o corresponde \u00e0 expectativa das partes envolvidas, mas garante a estabiliza\u00e7\u00e3o do conflito classista e a seguran\u00e7a dos peritos m\u00e9dicos federais, especialmente mediante a exclus\u00e3o dos riscos funcionais e disciplinares. Apesar de n\u00e3o constituir aquilo que a categoria almejava, a saber, a manuten\u00e7\u00e3o das cl\u00e1usulas do Termo de Acordo n\u00ba 01\/2022, o novo pacto sinaliza a consolida\u00e7\u00e3o de novas conquistas\u201d, destacou o texto.<\/p>\n\n\n\n<p>O comunicado n\u00e3o detalhou os ganhos da categoria. Os m\u00e9dicos peritos reivindicavam o cumprimento de um acordo de 2022.<\/p>\n\n\n\n<h2 class=\"wp-block-heading\">Investiga\u00e7\u00e3o de abuso<\/h2>\n\n\n\n<p>Em janeiro, os m\u00e9dicos peritos grevistas estavam com o sal\u00e1rio suspenso. Ap\u00f3s recurso da ANMP, o Superior Tribunal de Justi\u00e7a (STJ)\u00a0manteve o corte de ponto.<\/p>\n\n\n\n<p>Tamb\u00e9m em janeiro, o INSS anunciou o reagendamento autom\u00e1tico das per\u00edcias n\u00e3o realizadas para m\u00e9dicos que\u00a0n\u00e3o aderiram \u00e0 greve. Em abril, o ministro Gilmar Mendes, do Supremo Tribunal Federal (STF), pediu \u00e0 Procuradoria-Geral da Rep\u00fablica que apurasse poss\u00edveis\u00a0abusos no movimento grevista.<\/p>\n\n\n\n<h2 class=\"wp-block-heading\">Agendamento<\/h2>\n\n\n\n<p>O INSS informou que quem precisar\u00a0marcar atendimento pode\u00a0acessar o aplicativo\u00a0Meu INSS\u00a0ou ligar para o telefone 135. O atendimento telef\u00f4nico funciona de segunda-feira a s\u00e1bado, das 7h \u00e0s 22h.<\/p>\n\n\n\n<p>Nos casos de afastamento do trabalho por at\u00e9 180 dias, o INSS recomenda a utiliza\u00e7\u00e3o do\u00a0Atesmed, servi\u00e7o online que permite realizar a per\u00edcia documental, dispensando a necessidade de per\u00edcia presencial.<\/p>\n\n\n\n<p>Para o atendimento presencial \u00e9 preciso ter:<\/p>\n\n\n\n<p>\u2022 &nbsp; &nbsp; Documento de identifica\u00e7\u00e3o com foto;<\/p>\n\n\n\n<p>\u2022 &nbsp; &nbsp; Laudo m\u00e9dico com diagn\u00f3stico e tratamentos;<\/p>\n\n\n\n<p>\u2022 &nbsp; &nbsp; Exames;<\/p>\n\n\n\n<p>\u2022 &nbsp; &nbsp; Prescri\u00e7\u00f5es m\u00e9dicas.<\/p>\n\n\n\n<p>Por Wellton M\u00e1ximo &#8211; Rep\u00f3rter da Ag\u00eancia Brasil<\/p>\n\n\n\n<p>Foto Marcelo Camargo\/Ag\u00eancia Brasil<\/p>\n","protected":false},"excerpt":{"rendered":"<p>INSS normalizar\u00e1 atendimento a partir de segunda-feira Ap\u00f3s 235 dias de paralisa\u00e7\u00e3o, os m\u00e9dicos peritos<\/p>\n","protected":false},"author":2,"featured_media":102442,"comment_status":"open","ping_status":"open","sticky":false,"template":"","format":"standard","meta":{"footnotes":""},"categories":[17],"tags":[],"class_list":["post-102441","post","type-post","status-publish","format-standard","has-post-thumbnail","hentry","category-outras-noticias"],"_links":{"self":[{"href":"https:\/\/tvc16.com\/portal\/wp-json\/wp\/v2\/posts\/102441","targetHints":{"allow":["GET"]}}],"collection":[{"href":"https:\/\/tvc16.com\/portal\/wp-json\/wp\/v2\/posts"}],"about":[{"href":"https:\/\/tvc16.com\/portal\/wp-json\/wp\/v2\/types\/post"}],"author":[{"embeddable":true,"href":"https:\/\/tvc16.com\/portal\/wp-json\/wp\/v2\/users\/2"}],"replies":[{"embeddable":true,"href":"https:\/\/tvc16.com\/portal\/wp-json\/wp\/v2\/comments?post=102441"}],"version-history":[{"count":1,"href":"https:\/\/tvc16.com\/portal\/wp-json\/wp\/v2\/posts\/102441\/revisions"}],"predecessor-version":[{"id":102443,"href":"https:\/\/tvc16.com\/portal\/wp-json\/wp\/v2\/posts\/102441\/revisions\/102443"}],"wp:featuredmedia":[{"embeddable":true,"href":"https:\/\/tvc16.com\/portal\/wp-json\/wp\/v2\/media\/102442"}],"wp:attachment":[{"href":"https:\/\/tvc16.com\/portal\/wp-json\/wp\/v2\/media?parent=102441"}],"wp:term":[{"taxonomy":"category","embeddable":true,"href":"https:\/\/tvc16.com\/portal\/wp-json\/wp\/v2\/categories?post=102441"},{"taxonomy":"post_tag","embeddable":true,"href":"https:\/\/tvc16.com\/portal\/wp-json\/wp\/v2\/tags?post=102441"}],"curies":[{"name":"wp","href":"https:\/\/api.w.org\/{rel}","templated":true}]}}