{"id":102444,"date":"2025-04-12T08:00:00","date_gmt":"2025-04-12T11:00:00","guid":{"rendered":"https:\/\/tvc16.com\/portal\/?p=102444"},"modified":"2025-04-11T22:51:25","modified_gmt":"2025-04-12T01:51:25","slug":"servidores-receberao-reajuste-retroativo-a-janeiro-em-2-de-maio","status":"publish","type":"post","link":"https:\/\/tvc16.com\/portal\/2025\/04\/12\/servidores-receberao-reajuste-retroativo-a-janeiro-em-2-de-maio\/","title":{"rendered":"Servidores receber\u00e3o reajuste retroativo a janeiro em 2 de maio"},"content":{"rendered":"\n<p>Minist\u00e9rio da Gest\u00e3o confirmou data ap\u00f3s san\u00e7\u00e3o do Or\u00e7amento<\/p>\n\n\n\n<p>Os servidores p\u00fablicos do Executivo Federal receber\u00e3o em 2 de maio o reajuste salarial retroativo a janeiro, confirmou nesta sexta-feira (10) o Minist\u00e9rio da Gest\u00e3o e da Inova\u00e7\u00e3o em Servi\u00e7os P\u00fablicos (MGI). Os percentuais ser\u00e3o os da Medida Provis\u00f3ria 286, editada no fim do ano passado, como\u00a0resultado das negocia\u00e7\u00f5es do governo\u00a0com as diversas carreiras do funcionalismo.<img decoding=\"async\" src=\"https:\/\/agenciabrasil.ebc.com.br\/ebc.png?id=1638695&amp;o=node\"><img decoding=\"async\" src=\"https:\/\/agenciabrasil.ebc.com.br\/ebc.gif?id=1638695&amp;o=node\"><\/p>\n\n\n\n<p>Segundo o MGI, o reajuste e os ajustes de carreira ter\u00e3o impacto de R$ 17,9 bilh\u00f5es no Or\u00e7amento deste ano e R$ 8,5 bilh\u00f5es, no de 2026. Apesar de ter sido substitu\u00edda por um projeto de lei, conforme acordo entre o governo e o Congresso, a\u00a0MP 286 continua vigente at\u00e9 2 de junho.<\/p>\n\n\n\n<p>O MGI confirmou o pagamento do reajuste ap\u00f3s a san\u00e7\u00e3o do Or\u00e7amento Geral da Uni\u00e3o de 2025. Por causa do atraso na aprova\u00e7\u00e3o do Or\u00e7amento pelo Congresso, o aumento acertado no ano passado n\u00e3o poderia come\u00e7ar a ser pago sem que a lei or\u00e7ament\u00e1ria estivesse sancionada.<\/p>\n\n\n\n<p>A\u00a0MP 286\u00a0formalizou os acordos das mesas de negocia\u00e7\u00e3o entre o MGI e os representantes das carreiras civis do Poder Executivo Federal ao longo do ano passado. Segundo o minist\u00e9rio, as negocia\u00e7\u00f5es de 2024 e os acordos anteriores garantiram a recomposi\u00e7\u00e3o salarial para 100% dos servidores ativos, aposentados e pensionistas da Uni\u00e3o.<\/p>\n\n\n\n<p>Em 2023, o governo havia concedido\u00a0reajuste linear aos servidores do Poder Executivo Federal\u00a0de 9% nos vencimentos e de 43,6% no t\u00edquete alimenta\u00e7\u00e3o. No ano passado, n\u00e3o houve atualiza\u00e7\u00e3o.<\/p>\n\n\n\n<h2 class=\"wp-block-heading\">Planos de carreira<\/h2>\n\n\n\n<p>Al\u00e9m dos aumentos salariais, os\u00a0acordos para 2025 e 2026 preveem ajustes de carreira e mudan\u00e7as estruturais no servi\u00e7o p\u00fablico. Em rela\u00e7\u00e3o aos planos de carreira, o tempo para que os servidores atinjam o topo da progress\u00e3o foi atualizado, para adequar a evolu\u00e7\u00e3o funcional \u00e0 realidade fiscal e \u00e0s novas exig\u00eancias de gest\u00e3o p\u00fablica.<\/p>\n\n\n\n<p>Na reestrutura\u00e7\u00e3o do servi\u00e7o p\u00fablico federal, o governo substituiu 14.989 cargos obsoletos por 15.670 fun\u00e7\u00f5es, que, segundo o MGI, s\u00e3o mais compat\u00edveis com as demandas de um setor p\u00fablico mais moderno, sendo 10.930 voltados \u00e0 \u00e1rea da educa\u00e7\u00e3o. A \u00faltima rodada de negocia\u00e7\u00e3o ampla ocorreu em 2015, no governo da ex-presidenta Dilma Rousseff.<\/p>\n\n\n\n<p>Por Wellton M\u00e1ximo &#8211; Rep\u00f3rter da Ag\u00eancia Brasil<\/p>\n\n\n\n<p>Foto  Jos\u00e9 Cruz\/Ag\u00eancia Brasil<\/p>\n","protected":false},"excerpt":{"rendered":"<p>Minist\u00e9rio da Gest\u00e3o confirmou data ap\u00f3s san\u00e7\u00e3o do Or\u00e7amento Os servidores p\u00fablicos do Executivo Federal<\/p>\n","protected":false},"author":2,"featured_media":102445,"comment_status":"open","ping_status":"open","sticky":false,"template":"","format":"standard","meta":{"footnotes":""},"categories":[17],"tags":[],"class_list":["post-102444","post","type-post","status-publish","format-standard","has-post-thumbnail","hentry","category-outras-noticias"],"_links":{"self":[{"href":"https:\/\/tvc16.com\/portal\/wp-json\/wp\/v2\/posts\/102444","targetHints":{"allow":["GET"]}}],"collection":[{"href":"https:\/\/tvc16.com\/portal\/wp-json\/wp\/v2\/posts"}],"about":[{"href":"https:\/\/tvc16.com\/portal\/wp-json\/wp\/v2\/types\/post"}],"author":[{"embeddable":true,"href":"https:\/\/tvc16.com\/portal\/wp-json\/wp\/v2\/users\/2"}],"replies":[{"embeddable":true,"href":"https:\/\/tvc16.com\/portal\/wp-json\/wp\/v2\/comments?post=102444"}],"version-history":[{"count":1,"href":"https:\/\/tvc16.com\/portal\/wp-json\/wp\/v2\/posts\/102444\/revisions"}],"predecessor-version":[{"id":102446,"href":"https:\/\/tvc16.com\/portal\/wp-json\/wp\/v2\/posts\/102444\/revisions\/102446"}],"wp:featuredmedia":[{"embeddable":true,"href":"https:\/\/tvc16.com\/portal\/wp-json\/wp\/v2\/media\/102445"}],"wp:attachment":[{"href":"https:\/\/tvc16.com\/portal\/wp-json\/wp\/v2\/media?parent=102444"}],"wp:term":[{"taxonomy":"category","embeddable":true,"href":"https:\/\/tvc16.com\/portal\/wp-json\/wp\/v2\/categories?post=102444"},{"taxonomy":"post_tag","embeddable":true,"href":"https:\/\/tvc16.com\/portal\/wp-json\/wp\/v2\/tags?post=102444"}],"curies":[{"name":"wp","href":"https:\/\/api.w.org\/{rel}","templated":true}]}}