{"id":102447,"date":"2025-04-12T10:00:00","date_gmt":"2025-04-12T13:00:00","guid":{"rendered":"https:\/\/tvc16.com\/portal\/?p=102447"},"modified":"2025-04-11T23:29:50","modified_gmt":"2025-04-12T02:29:50","slug":"por-unanimidade-stf-mantem-condenacoes-por-incendio-na-boate-kiss","status":"publish","type":"post","link":"https:\/\/tvc16.com\/portal\/2025\/04\/12\/por-unanimidade-stf-mantem-condenacoes-por-incendio-na-boate-kiss\/","title":{"rendered":"Por unanimidade, STF mant\u00e9m condena\u00e7\u00f5es por inc\u00eandio na boate Kiss\u00a0"},"content":{"rendered":"\n<p>Ex-s\u00f3cios da boate, m\u00fasico e produtor de banda foram condenados<\/p>\n\n\n\n<p>Todos os ministros da Segunda Turma do Supremo Tribunal Federal (STF) votaram nesta sexta-feira (11) para manter as condena\u00e7\u00f5es de quatro condenados pelo inc\u00eandio na Boate Kiss, ocorrido em 2013, em Santa Maria, no Rio Grande do Sul, e que deixou 242 mortos e mais de 600 feridos.<img decoding=\"async\" src=\"https:\/\/agenciabrasil.ebc.com.br\/ebc.png?id=1638730&amp;o=node\"><img decoding=\"async\" src=\"https:\/\/agenciabrasil.ebc.com.br\/ebc.gif?id=1638730&amp;o=node\"><\/p>\n\n\n\n<p>O caso foi julgado em sess\u00e3o virtual, que come\u00e7ou na semana passada. Hoje, os votos foram proferidos pelo\u00a0relator, ministro Dias Toffoli, que foi acompanhado pelos ministros Gilmar Mendes, Edson Fachin, Nunes Marques e Andr\u00e9 Mendon\u00e7a.<\/p>\n\n\n\n<p>Os cinco ministros do colegiado se manifestaram contra os recursos dos acusados para reverter a decis\u00e3o do STF que manteve as condena\u00e7\u00f5es decididas pelo Tribunal do J\u00fari e determinou a pris\u00e3o dos envolvidos.<\/p>\n\n\n\n<p>Com a decis\u00e3o, ficam mantidas as condena\u00e7\u00f5es dos ex-s\u00f3cios da boate Elissandro Callegaro Spohr (22 anos e seis meses de pris\u00e3o) e Mauro Londero Hoffmann (19 anos e seis meses), al\u00e9m do vocalista da banda Gurizada Fandangueira, Marcelo de Jesus dos Santos, e o produtor musical Luciano Bonilha. Ambos foram condenados a 18 anos de pris\u00e3o.<\/p>\n\n\n\n<p>Por Ag\u00eancia Brasil<\/p>\n\n\n\n<p>Foto Tomaz Silva\/Ag\u00eancia Brasil\/Arquivo<\/p>\n","protected":false},"excerpt":{"rendered":"<p>Ex-s\u00f3cios da boate, m\u00fasico e produtor de banda foram condenados Todos os ministros da Segunda<\/p>\n","protected":false},"author":2,"featured_media":102448,"comment_status":"open","ping_status":"open","sticky":false,"template":"","format":"standard","meta":{"footnotes":""},"categories":[17,1],"tags":[],"class_list":["post-102447","post","type-post","status-publish","format-standard","has-post-thumbnail","hentry","category-outras-noticias","category-uncategorized"],"_links":{"self":[{"href":"https:\/\/tvc16.com\/portal\/wp-json\/wp\/v2\/posts\/102447","targetHints":{"allow":["GET"]}}],"collection":[{"href":"https:\/\/tvc16.com\/portal\/wp-json\/wp\/v2\/posts"}],"about":[{"href":"https:\/\/tvc16.com\/portal\/wp-json\/wp\/v2\/types\/post"}],"author":[{"embeddable":true,"href":"https:\/\/tvc16.com\/portal\/wp-json\/wp\/v2\/users\/2"}],"replies":[{"embeddable":true,"href":"https:\/\/tvc16.com\/portal\/wp-json\/wp\/v2\/comments?post=102447"}],"version-history":[{"count":1,"href":"https:\/\/tvc16.com\/portal\/wp-json\/wp\/v2\/posts\/102447\/revisions"}],"predecessor-version":[{"id":102449,"href":"https:\/\/tvc16.com\/portal\/wp-json\/wp\/v2\/posts\/102447\/revisions\/102449"}],"wp:featuredmedia":[{"embeddable":true,"href":"https:\/\/tvc16.com\/portal\/wp-json\/wp\/v2\/media\/102448"}],"wp:attachment":[{"href":"https:\/\/tvc16.com\/portal\/wp-json\/wp\/v2\/media?parent=102447"}],"wp:term":[{"taxonomy":"category","embeddable":true,"href":"https:\/\/tvc16.com\/portal\/wp-json\/wp\/v2\/categories?post=102447"},{"taxonomy":"post_tag","embeddable":true,"href":"https:\/\/tvc16.com\/portal\/wp-json\/wp\/v2\/tags?post=102447"}],"curies":[{"name":"wp","href":"https:\/\/api.w.org\/{rel}","templated":true}]}}