{"id":10245,"date":"2021-02-11T10:57:35","date_gmt":"2021-02-11T13:57:35","guid":{"rendered":"https:\/\/tvc16.com\/portal\/?p=10245"},"modified":"2021-02-11T10:57:38","modified_gmt":"2021-02-11T13:57:38","slug":"rede-cinemaxx-suspende-atividades-na-semana-do-carnaval","status":"publish","type":"post","link":"https:\/\/tvc16.com\/portal\/2021\/02\/11\/rede-cinemaxx-suspende-atividades-na-semana-do-carnaval\/","title":{"rendered":"REDE CINEMAXX SUSPENDE ATIVIDADES NA SEMANA DO CARNAVAL"},"content":{"rendered":"\n<p>Estrat\u00e9gia visa aguardar lan\u00e7amentos de impacto mundial<\/p>\n\n\n\n<p>Durante o per\u00edodo do Carnaval, de quinta-feira (11) \u00e0 quarta-feira de cinzas (17), todas as unidades da Rede Cinemaxx estar\u00e3o fechadas. De acordo com Gilberto Leal, CEO da Rede Cinemaxx a paralisa\u00e7\u00e3o nestes dias tem uma rela\u00e7\u00e3o direta com o atual momento vivido no mercado cinematogr\u00e1fico. <\/p>\n\n\n\n<p>\u201cDevido \u00e0 pandemia os principais t\u00edtulos nacionais e internacionais tiveram a data de lan\u00e7amento adiadas, isso significou uma diminui\u00e7\u00e3o na expectativa do p\u00fablico, fazendo com que as salas de cinema, incluindo as da Rede Cinemaxx, buscassem alternativas a fim de evitar a abertura desnecess\u00e1ria\u201d, disse.<\/p>\n\n\n\n<p>A suspens\u00e3o das atividades do cinema \u00e9 algo incomum, foram raros os momentos em que a exibi\u00e7\u00e3o de longas foi interrompida. \u201cAcreditamos que com essa pequena interrup\u00e7\u00e3o teremos um lastro na programa\u00e7\u00e3o e vamos conseguir aguardar os grandes lan\u00e7amentos mundiais, assim como, nos atualizarmos para receber o p\u00fablico com ainda mais seguran\u00e7a. Usaremos este per\u00edodo para renovar a capacita\u00e7\u00e3o oferecida aos colaborados que foi realizada para a reabertura, assim como realizar a\u00e7\u00f5es corretivas e preventivas nas unidades\u201d, pontuou Gilberto.<\/p>\n\n\n\n<p>\u00c9 importante lembrar que por mais que muito se fale sobre espa\u00e7os fechados, diversos estudos demonstram que n\u00e3o existe nenhuma comprova\u00e7\u00e3o a respeito de contamina\u00e7\u00e3o do Covid-19 em salas de cinema, visto que os protocolos de seguran\u00e7a s\u00e3o r\u00edgidos e seguidos fielmente por unidades cinematogr\u00e1ficas em todo o pa\u00eds.<\/p>\n\n\n\n<p>Desde a reabertura o Cinemaxx segue os protocolos de seguran\u00e7a indicados pela OMS \u2013 Organiza\u00e7\u00e3o Mundial de Sa\u00fade, veja a lista principal:<\/p>\n\n\n\n<p>&#8211; Disponibiliza\u00e7\u00e3o de \u00e1lcool em gel em diversos pontos de acesso do cinema;<\/p>\n\n\n\n<p>&#8211; Consumo de alimentos liberado somente dentro da sala, com o espectador sentado em seu lugar pr\u00e9-marcado;<\/p>\n\n\n\n<p>&#8211; Ocupa\u00e7\u00e3o m\u00e1xima reduzida a 50%;<\/p>\n\n\n\n<p>&#8211; Distanciamento social dentro da sala garantido de 1,5m;<\/p>\n\n\n\n<p>&#8211; Fluxo de sa\u00edda ao final da sess\u00e3o fila a fila e orientado por funcion\u00e1rio do cinema;<\/p>\n\n\n\n<p>&#8211; ATM\u2019s e bilheterias operando com distanciamento entre si;<\/p>\n\n\n\n<p>&#8211; Fechamento de bebedouros p\u00fablicos;<\/p>\n\n\n\n<p>&#8211; Altern\u00e2ncia de uso de pias em banheiros;<\/p>\n\n\n\n<p>&#8211; Funcion\u00e1rio na porta do banheiro para garantir ocupa\u00e7\u00e3o m\u00e1xima;<\/p>\n\n\n\n<p>&#8211; Marca\u00e7\u00e3o com adesivos no ch\u00e3o para filas para garantir o distanciamento social;<\/p>\n\n\n\n<p>&#8211; Medi\u00e7\u00e3o de temperatura dos funcion\u00e1rios e dos espectadores na entrada do cinema;<\/p>\n\n\n\n<p>&#8211; Uso de m\u00e1scara e EPI pelos funcion\u00e1rios;<\/p>\n\n\n\n<p>&#8211; Aumento do espa\u00e7o de tempo dos intervalos entre as sess\u00f5es;<\/p>\n\n\n\n<p>&#8211; Higieniza\u00e7\u00e3o completa das salas com produtos espec\u00edficos e adequados.<\/p>\n\n\n\n<p>Ap\u00f3s o retorno das atividades, j\u00e1 na quinta-feira, 18 de fevereiro, ter\u00e1 a estreia de Tom &amp; Jerry. Na lista de outros lan\u00e7amentos j\u00e1 confirmados est\u00e3o ainda:<\/p>\n\n\n\n<p>-Depois a louca sou eu \u2013 25 de fevereiro<\/p>\n\n\n\n<p>-Judas e o Messias Negro \u2013 25 de fevereiro<\/p>\n\n\n\n<p>-Raya e o \u00faltimo drag\u00e3o \u2013 04 de mar\u00e7o<\/p>\n\n\n\n<p>-Os Croods 2 &#8211; 25 de mar\u00e7o de 2021<\/p>\n\n\n\n<p>-Godzilla vs Kong &#8211; 25 de mar\u00e7o de 2021<\/p>\n\n\n\n<p>-Mortal Kombat &#8211; 15 de abril de 2021<\/p>\n\n\n\n<p>-Marighella &#8211; 15 de abril de 2021<\/p>\n\n\n\n<p>Mais informa\u00e7\u00f5es os consumidores podem acompanhar atrav\u00e9s do Instagram @redecinemaxx (<a href=\"https:\/\/www.instagram.com\/redecinemaxx\/\">https:\/\/www.instagram.com\/redecinemaxx\/<\/a>) ou solicitando as novidades atrav\u00e9s do WhatsApp (21) 97326-0467.<\/p>\n","protected":false},"excerpt":{"rendered":"<p>Estrat\u00e9gia visa aguardar lan\u00e7amentos de impacto mundial Durante o per\u00edodo do Carnaval, de quinta-feira (11)<\/p>\n","protected":false},"author":2,"featured_media":10246,"comment_status":"open","ping_status":"open","sticky":false,"template":"","format":"standard","meta":{"footnotes":""},"categories":[12],"tags":[],"class_list":["post-10245","post","type-post","status-publish","format-standard","has-post-thumbnail","hentry","category-cidade"],"_links":{"self":[{"href":"https:\/\/tvc16.com\/portal\/wp-json\/wp\/v2\/posts\/10245","targetHints":{"allow":["GET"]}}],"collection":[{"href":"https:\/\/tvc16.com\/portal\/wp-json\/wp\/v2\/posts"}],"about":[{"href":"https:\/\/tvc16.com\/portal\/wp-json\/wp\/v2\/types\/post"}],"author":[{"embeddable":true,"href":"https:\/\/tvc16.com\/portal\/wp-json\/wp\/v2\/users\/2"}],"replies":[{"embeddable":true,"href":"https:\/\/tvc16.com\/portal\/wp-json\/wp\/v2\/comments?post=10245"}],"version-history":[{"count":1,"href":"https:\/\/tvc16.com\/portal\/wp-json\/wp\/v2\/posts\/10245\/revisions"}],"predecessor-version":[{"id":10247,"href":"https:\/\/tvc16.com\/portal\/wp-json\/wp\/v2\/posts\/10245\/revisions\/10247"}],"wp:featuredmedia":[{"embeddable":true,"href":"https:\/\/tvc16.com\/portal\/wp-json\/wp\/v2\/media\/10246"}],"wp:attachment":[{"href":"https:\/\/tvc16.com\/portal\/wp-json\/wp\/v2\/media?parent=10245"}],"wp:term":[{"taxonomy":"category","embeddable":true,"href":"https:\/\/tvc16.com\/portal\/wp-json\/wp\/v2\/categories?post=10245"},{"taxonomy":"post_tag","embeddable":true,"href":"https:\/\/tvc16.com\/portal\/wp-json\/wp\/v2\/tags?post=10245"}],"curies":[{"name":"wp","href":"https:\/\/api.w.org\/{rel}","templated":true}]}}