{"id":102456,"date":"2025-04-12T18:00:00","date_gmt":"2025-04-12T21:00:00","guid":{"rendered":"https:\/\/tvc16.com\/portal\/?p=102456"},"modified":"2025-04-11T23:23:25","modified_gmt":"2025-04-12T02:23:25","slug":"estado-inaugura-dois-novos-espacos-culturais-em-conservatoria-distrito-de-valenca","status":"publish","type":"post","link":"https:\/\/tvc16.com\/portal\/2025\/04\/12\/estado-inaugura-dois-novos-espacos-culturais-em-conservatoria-distrito-de-valenca\/","title":{"rendered":"Estado inaugura dois novos espa\u00e7os culturais em Conservat\u00f3ria, distrito de Valen\u00e7a"},"content":{"rendered":"\n<p><em>Desde 2020, a Secretaria de Estado de Cultura e Economia Criativa j\u00e1 investiu cerca de R$ 12 milh\u00f5es no munic\u00edpio<\/em><br>O distrito de Conservat\u00f3ria, em Valen\u00e7a, ganhar\u00e1 neste s\u00e1bado (12\/04) dois novos espa\u00e7os, abertos pelo Governo do Estado do RJ, dedicados \u00e0 promo\u00e7\u00e3o da cultura. O pacote de fomento da Secretaria de Cultura e Economia Criativa garantiu a constru\u00e7\u00e3o de um novo coreto na Pra\u00e7a Get\u00falio Vargas e de uma sala de cinema, com 35 lugares, no Centro Cultural Juliana Maia. Somadas, as a\u00e7\u00f5es contam com investimento de cerca de R$ 1,5 milh\u00e3o.<\/p>\n\n\n\n<p>\u2013 \u00c9 mais um cap\u00edtulo que d\u00e1 orgulho na hist\u00f3ria da gest\u00e3o da cultura no estado, que j\u00e1 vem somando recordes e colecionando exemplos de a\u00e7\u00f5es que levam conhecimento e lazer a todas as regi\u00f5es do RJ. Quando assumimos, a maior parte dos investimentos ficava na capital e hoje a gente tem mais que a metade dos recursos destinados ao interior, que est\u00e1 cada vez mais forte com a nossa presen\u00e7a \u2013 ressalta o governador Cl\u00e1udio Castro.<\/p>\n\n\n\n<p>Para celebrar a inaugura\u00e7\u00e3o do coreto, a popula\u00e7\u00e3o contar\u00e1 com shows gratuitos, a partir das 19h. A cantora Joanna, renomada int\u00e9rprete da m\u00fasica popular brasileira, apresentar\u00e1 seus grandes sucessos ao lado da cantora e compositora Juliana Maia e da Orquestra Harm\u00f4nicos de Conservat\u00f3ria.<\/p>\n\n\n\n<p>\u2013 Os novos espa\u00e7os refor\u00e7am o car\u00e1ter cultural de Conservat\u00f3ria como refer\u00eancia no territ\u00f3rio fluminense. S\u00e3o equipamentos que fortalecem o encontro, a escuta e o sentimento de pertencimento a este local t\u00e3o rico historicamente. Com essas entregas, refor\u00e7amos o nosso compromisso em promover o acesso cada vez mais democr\u00e1tico e plural \u00e0 cultura &#8211; refor\u00e7a Danielle Barros, Secret\u00e1ria de Estado de Cultura e Economia Criativa do Rio de Janeiro.<\/p>\n\n\n\n<p><strong>R$ 12 milh\u00f5es em investimentos na Cultura em Valen\u00e7a<\/strong><br>O munic\u00edpio da Regi\u00e3o do M\u00e9dio Para\u00edba se destaca como expoente das manifesta\u00e7\u00f5es art\u00edsticas no Vale do Caf\u00e9 e j\u00e1 recebeu aporte de cerca de R$ 12 milh\u00f5es da Secretaria nos \u00faltimos cinco anos, atrav\u00e9s do patroc\u00ednio de mais de 120 projetos. Ao melhorar as condi\u00e7\u00f5es para eventos e atividades art\u00edsticas, a cidade fortalece essa voca\u00e7\u00e3o.<br><strong><br>Coreto da Pra\u00e7a Get\u00falio Vargas<\/strong><br>Com perfil met\u00e1lico e cobertura de policarbonato, o coreto substitui as antigas tendas da Pra\u00e7a Get\u00falio Vargas, oferecendo melhor estrutura para as diversas manifesta\u00e7\u00f5es art\u00edsticas que historicamente ocupam o local. A a\u00e7\u00e3o faz parte do projeto &#8220;Vale Pertencer&#8221; e reafirma o compromisso com a tradi\u00e7\u00e3o cultural de Conservat\u00f3ria e Valen\u00e7a. &nbsp;<\/p>\n\n\n\n<p>\u2013 A entrega da nova estrutura representa um marco para o Vale do Caf\u00e9. Conservat\u00f3ria \u00e9 sin\u00f4nimo de acolhimento e a Pra\u00e7a Get\u00falio Vargas \u00e9 um espa\u00e7o que valoriza a express\u00e3o art\u00edstica e a tradi\u00e7\u00e3o musical da cidade. O local, que j\u00e1 era um ponto de encontro para artistas, moradores e visitantes, agora vai poder cumprir todo o seu potencial, fortalecendo ainda mais a identidade cultural da regi\u00e3o &#8211; diz Natale Onofre, presidente do Instituto Cultural Cidade Viva (ICCV).<\/p>\n\n\n\n<p>Ainda segundo Natale, o projeto \u00e9 um presente para todos que amam Conservat\u00f3ria e acreditam na for\u00e7a transformadora da cultura. O &#8220;Vale Pertencer&#8221; \u00e9 uma realiza\u00e7\u00e3o do Instituto Cultural Cidade Viva com patroc\u00ednio da Light, do Governo do Estado do Rio de Janeiro, da Secretaria de Estado de Cultura e Economia Criativa por meio da Lei Estadual de Incentivo \u00e0 Cultura. Tem a parceria t\u00e9cnica do Instituto Estadual do Patrim\u00f4nio Cultural (Inepac) e apoio t\u00e9cnico do escrit\u00f3rio de arquitetura &#8216;A Rede&#8217;.<\/p>\n\n\n\n<p>As obras civis est\u00e3o a cargo da Construpower Engenharia. O gerenciamento da obra \u00e9 da Gerpro Engenharia. O projeto conta ainda com a parceria institucional da Prefeitura Municipal de Valen\u00e7a e apoio da Associa\u00e7\u00e3o Comercial, Rural, Industrial e Tur\u00edstica de Conservat\u00f3ria (Acritur).<\/p>\n\n\n\n<p><strong>SERVI\u00c7O<\/strong><br><strong>Evento:<\/strong>&nbsp;Inaugura\u00e7\u00e3o do Coreto de Conservat\u00f3ria<br><strong>Data:<\/strong>&nbsp;12 de abril, \u00e0s 19h<br><strong>Local:<\/strong>&nbsp;Pra\u00e7a Get\u00falio Vargas, Conservat\u00f3ria (RJ)<br><strong>Atra\u00e7\u00e3o:<\/strong>&nbsp;Show de Joanna, Juliana Maia e Orquestra Harm\u00f4nicos de Conservat\u00f3ria<br><strong>Entrada gratuita<\/strong><\/p>\n\n\n\n<p><strong>Sala de Cinema<\/strong><br>O Centro Cultural Juliana Maia abre suas portas para a inaugura\u00e7\u00e3o de um novo espa\u00e7o para movimentar a cena cultural do M\u00e9dio Para\u00edba Fluminense. \u00c9 o Cine Harm\u00f4nicos de Conservat\u00f3ria que inicia suas atividades a partir do dia 12 deste m\u00eas.<\/p>\n\n\n\n<p>O charmoso cinema conta com 35 lugares e toda uma estrutura t\u00e9cnica e tecnol\u00f3gica de importantes cinemas do Rio de Janeiro. O espa\u00e7o insere-se \u00e0 cena cultural da Cidade da Seresta, movimentando ainda mais a economia criativa da regi\u00e3o, e impulsionando o turismo local.<\/p>\n\n\n\n<p>A Sala de Cinema possui acessibilidade e mecanismos de democratiza\u00e7\u00e3o de acesso por meios de forma\u00e7\u00e3o de plateia. A programa\u00e7\u00e3o de exibi\u00e7\u00e3o \u00e9 focada na valoriza\u00e7\u00e3o do Cinema Nacional Brasileiro, virando um espa\u00e7o interiorano. interessante e estrat\u00e9gico para distribui\u00e7\u00e3o e escoamento da nossa rica e valiosa produ\u00e7\u00e3o Audiovisual.<\/p>\n\n\n\n<p>\u2013 Um espa\u00e7o antes marcado pela mem\u00f3ria da escravid\u00e3o \u2014 a antiga \u201ctulha\u201d onde se armazenava o caf\u00e9 \u2014 agora se transforma em um ponto de luz e arte, mostrando como a cultura pode ressignificar territ\u00f3rios e curar mem\u00f3rias. Receber uma sala de cinema em Conservat\u00f3ria, neste espa\u00e7o, a partir de uma Lei de Fomento que leva o nome do grande artista Paulo Gustavo, \u00e9 lembrar que o Cinema Nacional existe, resiste e que o p\u00fablico almeja por cultura e entretenimento &#8211; afirma Juliana Maia, CEO do Centro Cultural Juliana Maia.<\/p>\n\n\n\n<p>A sala de cinema est\u00e1 sendo realizada atrav\u00e9s do Governo Federal, Minist\u00e9rio da Cultura, Governo do Estado do Rio de Janeiro e Secretaria de Estado de Cultura e Economia Criativa do Rio de Janeiro, via Lei Paulo Gustavo, pelo edital de apoio aos espa\u00e7os do audiovisual n\u00b0 22\/2023.&nbsp;<\/p>\n\n\n\n<p><strong><br>SERVI\u00c7O<\/strong><strong><br>Inaugura\u00e7\u00e3o do Cine Harm\u00f4nicos de Conservat\u00f3ria (Restrito a Convidad<\/strong>os)<br>Dia 12\/04\/2025<br><strong>Hor\u00e1rio:&nbsp;<\/strong>17h<br><strong>Local:&nbsp;<\/strong>Centro Cultural Juliana Maia.<br><strong>Endere\u00e7o:<\/strong>&nbsp;Rua Dr. Luiz de Almeida Pinto, 87. Centro Hist\u00f3rico de Conservat\u00f3ria &#8211; Valen\u00e7a RJ<\/p>\n\n\n\n<p><\/p>\n","protected":false},"excerpt":{"rendered":"<p>Desde 2020, a Secretaria de Estado de Cultura e Economia Criativa j\u00e1 investiu cerca de<\/p>\n","protected":false},"author":2,"featured_media":102457,"comment_status":"open","ping_status":"open","sticky":false,"template":"","format":"standard","meta":{"footnotes":""},"categories":[17],"tags":[],"class_list":["post-102456","post","type-post","status-publish","format-standard","has-post-thumbnail","hentry","category-outras-noticias"],"_links":{"self":[{"href":"https:\/\/tvc16.com\/portal\/wp-json\/wp\/v2\/posts\/102456","targetHints":{"allow":["GET"]}}],"collection":[{"href":"https:\/\/tvc16.com\/portal\/wp-json\/wp\/v2\/posts"}],"about":[{"href":"https:\/\/tvc16.com\/portal\/wp-json\/wp\/v2\/types\/post"}],"author":[{"embeddable":true,"href":"https:\/\/tvc16.com\/portal\/wp-json\/wp\/v2\/users\/2"}],"replies":[{"embeddable":true,"href":"https:\/\/tvc16.com\/portal\/wp-json\/wp\/v2\/comments?post=102456"}],"version-history":[{"count":1,"href":"https:\/\/tvc16.com\/portal\/wp-json\/wp\/v2\/posts\/102456\/revisions"}],"predecessor-version":[{"id":102458,"href":"https:\/\/tvc16.com\/portal\/wp-json\/wp\/v2\/posts\/102456\/revisions\/102458"}],"wp:featuredmedia":[{"embeddable":true,"href":"https:\/\/tvc16.com\/portal\/wp-json\/wp\/v2\/media\/102457"}],"wp:attachment":[{"href":"https:\/\/tvc16.com\/portal\/wp-json\/wp\/v2\/media?parent=102456"}],"wp:term":[{"taxonomy":"category","embeddable":true,"href":"https:\/\/tvc16.com\/portal\/wp-json\/wp\/v2\/categories?post=102456"},{"taxonomy":"post_tag","embeddable":true,"href":"https:\/\/tvc16.com\/portal\/wp-json\/wp\/v2\/tags?post=102456"}],"curies":[{"name":"wp","href":"https:\/\/api.w.org\/{rel}","templated":true}]}}