{"id":102469,"date":"2025-04-13T12:00:00","date_gmt":"2025-04-13T15:00:00","guid":{"rendered":"https:\/\/tvc16.com\/portal\/?p=102469"},"modified":"2025-04-11T23:54:33","modified_gmt":"2025-04-12T02:54:33","slug":"criancas-indigenas-entregam-manifesto-pelo-meio-ambiente-a-ministras","status":"publish","type":"post","link":"https:\/\/tvc16.com\/portal\/2025\/04\/13\/criancas-indigenas-entregam-manifesto-pelo-meio-ambiente-a-ministras\/","title":{"rendered":"Crian\u00e7as ind\u00edgenas entregam manifesto pelo meio ambiente a ministras"},"content":{"rendered":"\n<p>Mundo j\u00e1 tem respostas t\u00e9cnicas para conter o aquecimento, diz Marina<\/p>\n\n\n\n<p>Um grupo de crian\u00e7as de diferentes etnias e regi\u00f5es do pa\u00eds entregou a representantes do governo federal uma carta cobrando medidas efetivas de prote\u00e7\u00e3o ao meio ambiente e de enfrentamento \u00e0s mudan\u00e7as clim\u00e1ticas.\u00a0O documento foi entregue durante o \u00faltimo dia da 21\u00aa edi\u00e7\u00e3o do Acampamento Terra Livre (ATL), maior mobiliza\u00e7\u00e3o dos povos origin\u00e1rios do Brasil.<img decoding=\"async\" src=\"https:\/\/agenciabrasil.ebc.com.br\/ebc.png?id=1638713&amp;o=node\"><img decoding=\"async\" src=\"https:\/\/agenciabrasil.ebc.com.br\/ebc.gif?id=1638713&amp;o=node\"><\/p>\n\n\n\n<blockquote class=\"wp-block-quote is-layout-flow wp-block-quote-is-layout-flow\">\n<p>\u201cNossas florestas est\u00e3o sendo desmatadas e feridas e nossos rios est\u00e3o ficando secos e polu\u00eddos. Est\u00e3o acabando com tudo o que a gente conhece, ama e respeita\u201d, lamentam as crian\u00e7as no manifesto entregue \u00e0s ministras dos Povos Ind\u00edgenas, Sonia Guajajara, e do Meio Ambiente e Mudan\u00e7a do Clima, Marina Silva.<\/p>\n<\/blockquote>\n\n\n\n<p>O texto do documento foi escrito com a colabora\u00e7\u00e3o de crian\u00e7as n\u00e3o-ind\u00edgenas e o aux\u00edlio de alguns adultos que acompanhavam as crian\u00e7as no Cafi Parentinho, um espa\u00e7o especialmente dedicado ao p\u00fablico infantil presente no Acampamento Terra Livre, que, este ano, reuniu entre 6 mil e 8 mil ind\u00edgenas de 135 etnias de todo o pa\u00eds. O evento&nbsp;<a href=\"https:\/\/agenciabrasil.ebc.com.br\/direitos-humanos\/noticia\/2025-04\/milhares-de-indigenas-acampam-em-brasilia-pelo-direito-terra\" target=\"_blank\" rel=\"noreferrer noopener\">come\u00e7ou na segunda-feira<\/a>&nbsp;(7) e&nbsp;<a href=\"https:\/\/agenciabrasil.ebc.com.br\/direitoshumanos\/noticia\/2025-04\/vamos-seguir-cobrando-nossos-direitos-asseguram-liderancas-indigenas\" target=\"_blank\" rel=\"noreferrer noopener\">termina hoje<\/a>&nbsp;(11), ainda que muitas delega\u00e7\u00f5es s\u00f3 deixem a capital federal amanh\u00e3.<\/p>\n\n\n\n<p>\u201cEstamos aqui para cuidar do nosso mundo, da nossa floresta e, principalmente, do nosso direito de existir\u201d, afirmam as crian\u00e7as, na carta. \u201cSempre falam que somos o futuro, mas somos o presente e o agora! Os ancestrais nos ensinaram a ouvir a natureza e agora pedimos que os outros adultos nos ou\u00e7am. Estamos ouvindo o som do mundo de voc\u00eas desmoronando. E voc\u00eas? Conseguem ouvir? Escutem nosso chamado: somos parte da solu\u00e7\u00e3o. Sabemos que existe um jeito de salvar o nosso mundo e estamos prontos para caminhar juntos, unidos para proteger nossas terras, nossos rios e nossas culturas\u201d, acrescentaram as crian\u00e7as, cobrando \u201cde quem governa e toma decis\u00f5es\u201d a devida prote\u00e7\u00e3o \u00e0s florestas e ao planeta.<\/p>\n\n\n\n<blockquote class=\"wp-block-quote is-layout-flow wp-block-quote-is-layout-flow\">\n<p>\u201cQueremos \u00e1gua limpa, sem polui\u00e7\u00e3o e sem min\u00e9rio. N\u00e3o queremos que nossos rios e igarap\u00e9s sejam sujos com petr\u00f3leo. Defendemos todos os seres vivos. Se n\u00e3o cuidarem do nosso mundo, n\u00e3o vai haver futuro para n\u00f3s, crian\u00e7as. E a luta n\u00e3o \u00e9 s\u00f3 nossa, \u00e9 de todo mundo\u201d, conclu\u00edram os autores do manifesto.<\/p>\n<\/blockquote>\n\n\n\n<p>Yar\u00e1 Santos da Costa, de 9 anos de idade, e Luana Katariru, 8, leram para os presentes a \u00edntegra da carta que entregaram \u00e0s ministras.<\/p>\n\n\n\n<p>Moradora de Manaus, Yar\u00e1 \u00e9 parte do povo sater\u00e9-maw\u00e9 e viajou para a capital junto com os respons\u00e1veis e uma delega\u00e7\u00e3o da Regi\u00e3o Norte. J\u00e1 Luana \u00e9 da etnia manchineri, que tamb\u00e9m se concentra na Regi\u00e3o Norte, mas a menina, atualmente, mora em Bras\u00edlia, com a fam\u00edlia.<\/p>\n\n\n\n<figure class=\"wp-block-image\"><img decoding=\"async\" src=\"https:\/\/imagens.ebc.com.br\/hhoPTbS5npTzqraBxK0O93FTf1M=\/754x0\/smart\/https:\/\/agenciabrasil.ebc.com.br\/sites\/default\/files\/thumbnails\/image\/2025\/04\/11\/11042025-pzzb1650.jpg?itok=H-uKmm5I\" alt=\"Bras\u00edlia (DF) 11\/04\/2025 As ministras do Meio Ambiente, Marina Silva e dos Povos Ind\u00edgenas, S\u00f4nia Guajajara, receberam das crian\u00e7as ind\u00edgenas que participam do Acampamento Terra Livre (ATL), uma carta com suas pr\u00f3prias demandas sobre prote\u00e7\u00e3o ao meio ambiente, mudan\u00e7as clim\u00e1ticas, a COP30 e os direitos dos povos ind\u00edgenas.  Foto: Fabio Rodrigues-Pozzebom\/ Ag\u00eancia Brasil\" title=\"Fabio Rodrigues-Pozzebom\/ Ag\u00eancia Brasil\"\/><\/figure>\n\n\n\n<h6 class=\"wp-block-heading\">&#8220;Defendemos todos os seres vivos&#8221;, diz a carta &#8211;&nbsp;&nbsp;<strong>Fabio Rodrigues-Pozzebom\/ Ag\u00eancia Brasil<\/strong><\/h6>\n\n\n\n<p>\u201cEntregaram [o esbo\u00e7o da] carta e a gente fez as corre\u00e7\u00f5es, colocando [a palavra] mundo em v\u00e1rios pontos porque n\u00e3o s\u00e3o s\u00f3 as crian\u00e7as da Amaz\u00f4nia que est\u00e3o sofrendo com o desmatamento, com a fuma\u00e7a. S\u00e3o as crian\u00e7as do mundo inteiro\u201d, comentou Luana, ao ser entrevistada por ve\u00edculos da&nbsp;<strong>Empresa Brasil de Comunica\u00e7\u00e3o<\/strong>&nbsp;(<strong>EBC<\/strong>).<\/p>\n\n\n\n<p>\u201cOs animais est\u00e3o morrendo e est\u00e1 tendo muita fuma\u00e7a. N\u00e3o estamos mais respirando o ar puro que respir\u00e1vamos antes. O ar est\u00e1 polu\u00eddo pela fuma\u00e7a. As \u00e1rvores est\u00e3o sendo cortadas. E se n\u00e3o h\u00e1 \u00e1rvores, como vamos respirar?\u201d, acrescentou Yar\u00e1.<\/p>\n\n\n\n<blockquote class=\"wp-block-quote is-layout-flow wp-block-quote-is-layout-flow\">\n<p>\u201cQueremos compromissos reais. Parem de desmatar! A vida n\u00e3o depende de mais desmatamento\u201d, cobrou Luana.<\/p>\n<\/blockquote>\n\n\n\n<p>Visivelmente emocionada, a ministra Marina Silva desabafou.<\/p>\n\n\n\n<blockquote class=\"wp-block-quote is-layout-flow wp-block-quote-is-layout-flow\">\n<p>\u201cEm todos os per\u00edodos da hist\u00f3ria, s\u00e3o os adultos que se colocam na frente das suas crian\u00e7as para proteg\u00ea-las. Por n\u00e3o olharmos para os povos ind\u00edgenas, para aqueles que t\u00eam conhecimentos ancestrais, n\u00f3s fizemos algo t\u00e3o terr\u00edvel com o planeta que, pela primeira vez, s\u00e3o as crian\u00e7as que est\u00e3o se colocando na nossa frente para nos defender. Algo est\u00e1 errado. N\u00e3o s\u00e3o as crian\u00e7as que tem que fazer o que os adultos deveriam ter feito\u201d, disse a ministra.<\/p>\n<\/blockquote>\n\n\n\n<figure class=\"wp-block-image\"><img decoding=\"async\" src=\"https:\/\/imagens.ebc.com.br\/_OpmkC3LJ0Tq4pMHJfZGCLIqG_g=\/754x0\/smart\/https:\/\/agenciabrasil.ebc.com.br\/sites\/default\/files\/thumbnails\/image\/2025\/04\/11\/11042025-pzzb2426.jpg?itok=PZKa-2aC\" alt=\"Bras\u00edlia (DF) 11\/04\/2025 As ministras do Meio Ambiente, Marina Silva e dos Povos Ind\u00edgenas, S\u00f4nia Guajajara, receberam das crian\u00e7as ind\u00edgenas que participam do Acampamento Terra Livre (ATL), uma carta com suas pr\u00f3prias demandas sobre prote\u00e7\u00e3o ao meio ambiente, mudan\u00e7as clim\u00e1ticas, a COP30 e os direitos dos povos ind\u00edgenas.  Foto: Fabio Rodrigues-Pozzebom\/ Ag\u00eancia Brasil\" title=\"undefined\"\/><\/figure>\n\n\n\n<h6 class=\"wp-block-heading\">Marina destaca que mundo j\u00e1 disp\u00f5e de respostas t\u00e9cnicas para conter o aquecimento global.&nbsp;<strong>F\u00e1bio Rodrigues-Pozzebom\/Ag\u00eancia Brasil<\/strong><\/h6>\n\n\n\n<p>Para Marina, o mundo j\u00e1 disp\u00f5e de \u201crespostas t\u00e9cnicas\u201d para conter o aquecimento global. \u201cPara resolver o problema do clima, falta o compromisso \u00e9tico de fazermos a transi\u00e7\u00e3o [energ\u00e9tica] para termos um novo ciclo de prosperidade que n\u00e3o deixe ningu\u00e9m para tr\u00e1s.\u201d<\/p>\n\n\n\n<p>A ministra Sonia Guajajara afirmou que ir ao ATL e ouvir as crian\u00e7as \u00e9 parte dos esfor\u00e7os para ampliar a participa\u00e7\u00e3o ind\u00edgena em todas as esferas do governo federal.<\/p>\n\n\n\n<p>\u201cRecebo este manifesto n\u00e3o como um ato simb\u00f3lico, mas como um compromisso que deve ser firmado por todos os tomadores de decis\u00e3o. Pensar o futuro \u00e9 agir agora. E estar com as crian\u00e7as, escut\u00e1-las, \u00e9 firmar este compromisso com o futuro das pr\u00f3ximas gera\u00e7\u00f5es.\u201d<\/p>\n\n\n\n<p>Por Alex Rodrigues &#8211; Rep\u00f3rter da Ag\u00eancia Brasil<\/p>\n\n\n\n<p>Foto Fabio Rodrigues-Pozzebom\/ Ag\u00eancia Brasil<\/p>\n\n\n\n<p><\/p>\n","protected":false},"excerpt":{"rendered":"<p>Mundo j\u00e1 tem respostas t\u00e9cnicas para conter o aquecimento, diz Marina Um grupo de crian\u00e7as<\/p>\n","protected":false},"author":2,"featured_media":102470,"comment_status":"open","ping_status":"open","sticky":false,"template":"","format":"standard","meta":{"footnotes":""},"categories":[17],"tags":[],"class_list":["post-102469","post","type-post","status-publish","format-standard","has-post-thumbnail","hentry","category-outras-noticias"],"_links":{"self":[{"href":"https:\/\/tvc16.com\/portal\/wp-json\/wp\/v2\/posts\/102469","targetHints":{"allow":["GET"]}}],"collection":[{"href":"https:\/\/tvc16.com\/portal\/wp-json\/wp\/v2\/posts"}],"about":[{"href":"https:\/\/tvc16.com\/portal\/wp-json\/wp\/v2\/types\/post"}],"author":[{"embeddable":true,"href":"https:\/\/tvc16.com\/portal\/wp-json\/wp\/v2\/users\/2"}],"replies":[{"embeddable":true,"href":"https:\/\/tvc16.com\/portal\/wp-json\/wp\/v2\/comments?post=102469"}],"version-history":[{"count":1,"href":"https:\/\/tvc16.com\/portal\/wp-json\/wp\/v2\/posts\/102469\/revisions"}],"predecessor-version":[{"id":102471,"href":"https:\/\/tvc16.com\/portal\/wp-json\/wp\/v2\/posts\/102469\/revisions\/102471"}],"wp:featuredmedia":[{"embeddable":true,"href":"https:\/\/tvc16.com\/portal\/wp-json\/wp\/v2\/media\/102470"}],"wp:attachment":[{"href":"https:\/\/tvc16.com\/portal\/wp-json\/wp\/v2\/media?parent=102469"}],"wp:term":[{"taxonomy":"category","embeddable":true,"href":"https:\/\/tvc16.com\/portal\/wp-json\/wp\/v2\/categories?post=102469"},{"taxonomy":"post_tag","embeddable":true,"href":"https:\/\/tvc16.com\/portal\/wp-json\/wp\/v2\/tags?post=102469"}],"curies":[{"name":"wp","href":"https:\/\/api.w.org\/{rel}","templated":true}]}}