{"id":102472,"date":"2025-04-13T14:00:00","date_gmt":"2025-04-13T17:00:00","guid":{"rendered":"https:\/\/tvc16.com\/portal\/?p=102472"},"modified":"2025-04-12T00:01:59","modified_gmt":"2025-04-12T03:01:59","slug":"vestibular-cederj-abre-inscricoes-nesta-segunda-feira-14-04-para-cerca-de-7-mil-vagas-de-graduacao","status":"publish","type":"post","link":"https:\/\/tvc16.com\/portal\/2025\/04\/13\/vestibular-cederj-abre-inscricoes-nesta-segunda-feira-14-04-para-cerca-de-7-mil-vagas-de-graduacao\/","title":{"rendered":"Vestibular Cederj abre inscri\u00e7\u00f5es nesta segunda-feira (14\/04) para cerca de 7 mil vagas de gradua\u00e7\u00e3o"},"content":{"rendered":"\n<p><em>S\u00e3o mais de 15 cursos ofertados e as inscri\u00e7\u00f5es podem ser realizadas at\u00e9 o dia 15 de maio<br><\/em><br>As inscri\u00e7\u00f5es para o segundo semestre do Vestibular Cederj come\u00e7am na segunda-feira, (14\/04) e ficar\u00e3o abertas at\u00e9 o dia 15 de maio, para cursos de gradua\u00e7\u00e3o na modalidade semipresencial, ofertados pelo Cons\u00f3rcio Cederj, administrado pela Funda\u00e7\u00e3o Cecierj, vinculada da Secretaria de Estado de Ci\u00eancia, Tecnologia e Inova\u00e7\u00e3o. Os candidatos podem se inscrever na p\u00e1gina\u00a0www.cecierj.edu.br\/consorcio-cederj\/vestibular\/2025-2\/.<\/p>\n\n\n\n<p>A taxa de inscri\u00e7\u00e3o \u00e9 no valor de R$ 89,90 e deve ser paga at\u00e9 16 de maio de 2025. O concurso contar\u00e1 com aproveitamento de notas do Exame Nacional do Ensino M\u00e9dio (Enem). Poder\u00e3o se inscrever os candidatos que, obrigatoriamente, tenham conclu\u00eddo o ensino m\u00e9dio at\u00e9 a data da matr\u00edcula.<br>Neste concurso s\u00e3o oferecidas 6.965 vagas em 15 cursos de gradua\u00e7\u00e3o na modalidade semipresencial. S\u00e3o eles: Administra\u00e7\u00e3o, Administra\u00e7\u00e3o P\u00fablica, Ci\u00eancias Cont\u00e1beis, Engenharia de Produ\u00e7\u00e3o, Ci\u00eancias Biol\u00f3gicas, F\u00edsica, Geografia, Hist\u00f3ria, Letras, Matem\u00e1tica, Pedagogia, Qu\u00edmica, Sistemas de Computa\u00e7\u00e3o, Seguran\u00e7a P\u00fablica e Gest\u00e3o de Turismo.<br>Os aprovados no Vestibular Cederj 2025.2 ser\u00e3o estudantes de sete institui\u00e7\u00f5es de ensino superior que comp\u00f5em o Cons\u00f3rcio Cederj: Centro Federal de Educa\u00e7\u00e3o Tecnol\u00f3gica Celso Suckow da Fonseca, Universidade Estadual do Norte Fluminense, Universidade do Estado do Rio de Janeiro, Universidade Federal Fluminense, Universidade Federal do Rio de Janeiro, Universidade Federal Rural do Rio de Janeiro e Universidade Federal do Estado do Rio de Janeiro.<br><\/p>\n\n\n\n<p><strong>Ingressantes t\u00eam direito a chip de telefonia m\u00f3vel<\/strong><br><\/p>\n\n\n\n<p>Os candidatos aprovados v\u00e3o receber chips de telefonia m\u00f3vel para facilitar o acesso \u00e0 internet gratuita. O chip oferece tecnologia 3G\/4G ou superior, cobertura nacional, liga\u00e7\u00f5es locais e interurbanas ilimitadas, 30 SMS di\u00e1rios e um aplicativo personalizado compat\u00edvel com iOS e Android.\u00a0O objetivo \u00e9 apoiar o aprendizado e reduzir a evas\u00e3o escolar, garantindo a todos uma conex\u00e3o de qualidade. Com esse chip, cerca de 180 mil pessoas, entre alunos e tutores de projetos educacionais da Funda\u00e7\u00e3o Cecierj, t\u00eam acesso \u00e0 internet ilimitada para acessar as plataformas de aprendizagem, al\u00e9m de 2 gigabytes extras.<br><strong>\u00a0<\/strong><\/p>\n\n\n\n<p><strong>Localiza\u00e7\u00e3o dos polos Cederj<\/strong><br><\/p>\n\n\n\n<p>O Estado do Rio de Janeiro conta com 43 Polos Cederj: Angra dos Reis, Barra do Pira\u00ed, Belford Roxo, Bom Jardim, Bom Jesus do Itabapoana, B\u00fazios, Cabo Frio, Cantagalo, Cardoso Moreira, Duque de Caxias, Itagua\u00ed, Itaocara, Itaperuna, Maca\u00e9, Mag\u00e9, Mangaratiba, Mesquita, Miguel Pereira, Miracema, Natividade, Niter\u00f3i, Nova Friburgo, Nova Igua\u00e7u, Paracambi, Petr\u00f3polis, Pinheiral, Pira\u00ed, Quatis, Resende, Rio Bonito, Rio das Flores, Rio das Ostras, Rio de Janeiro (Rocinha e Campo Grande), Santa Maria Madalena, S\u00e3o Fid\u00e9lis, S\u00e3o Francisco de Itabapoana, S\u00e3o Gon\u00e7alo, S\u00e3o Pedro da Aldeia, Saquarema, Teres\u00f3polis, Tr\u00eas Rios e Volta Redonda.<br><strong>Servi\u00e7o:<\/strong><\/p>\n\n\n\n<p><strong>Vestibular Cederj 2025.2 est\u00e1 com inscri\u00e7\u00f5es abertas para 15 cursos de gradua\u00e7\u00e3o semipresenciais<\/strong>Taxa de inscri\u00e7\u00e3o: R$89,90 (oitenta e nove reais e noventa centavos)Link para inscri\u00e7\u00e3o:&nbsp;<a href=\"http:\/\/www.cecierj.edu.br\/consorcio-cederj\/vestibular\/2025-2\/\" target=\"_blank\" rel=\"noreferrer noopener\">www.cecierj.edu.br\/consorcio-cederj\/vestibular\/2025-2\/<\/a>Banca organizadora: Coseac\/UFF<\/p>\n","protected":false},"excerpt":{"rendered":"<p>S\u00e3o mais de 15 cursos ofertados e as inscri\u00e7\u00f5es podem ser realizadas at\u00e9 o dia<\/p>\n","protected":false},"author":2,"featured_media":92715,"comment_status":"open","ping_status":"open","sticky":false,"template":"","format":"standard","meta":{"footnotes":""},"categories":[17],"tags":[],"class_list":["post-102472","post","type-post","status-publish","format-standard","has-post-thumbnail","hentry","category-outras-noticias"],"_links":{"self":[{"href":"https:\/\/tvc16.com\/portal\/wp-json\/wp\/v2\/posts\/102472","targetHints":{"allow":["GET"]}}],"collection":[{"href":"https:\/\/tvc16.com\/portal\/wp-json\/wp\/v2\/posts"}],"about":[{"href":"https:\/\/tvc16.com\/portal\/wp-json\/wp\/v2\/types\/post"}],"author":[{"embeddable":true,"href":"https:\/\/tvc16.com\/portal\/wp-json\/wp\/v2\/users\/2"}],"replies":[{"embeddable":true,"href":"https:\/\/tvc16.com\/portal\/wp-json\/wp\/v2\/comments?post=102472"}],"version-history":[{"count":1,"href":"https:\/\/tvc16.com\/portal\/wp-json\/wp\/v2\/posts\/102472\/revisions"}],"predecessor-version":[{"id":102473,"href":"https:\/\/tvc16.com\/portal\/wp-json\/wp\/v2\/posts\/102472\/revisions\/102473"}],"wp:featuredmedia":[{"embeddable":true,"href":"https:\/\/tvc16.com\/portal\/wp-json\/wp\/v2\/media\/92715"}],"wp:attachment":[{"href":"https:\/\/tvc16.com\/portal\/wp-json\/wp\/v2\/media?parent=102472"}],"wp:term":[{"taxonomy":"category","embeddable":true,"href":"https:\/\/tvc16.com\/portal\/wp-json\/wp\/v2\/categories?post=102472"},{"taxonomy":"post_tag","embeddable":true,"href":"https:\/\/tvc16.com\/portal\/wp-json\/wp\/v2\/tags?post=102472"}],"curies":[{"name":"wp","href":"https:\/\/api.w.org\/{rel}","templated":true}]}}