{"id":102474,"date":"2025-04-13T16:00:00","date_gmt":"2025-04-13T19:00:00","guid":{"rendered":"https:\/\/tvc16.com\/portal\/?p=102474"},"modified":"2025-04-12T00:08:01","modified_gmt":"2025-04-12T03:08:01","slug":"areal-e-marica-celebram-acordo-de-cidades-irmas-e-firmam-parceria-para-alavancar-o-turismo","status":"publish","type":"post","link":"https:\/\/tvc16.com\/portal\/2025\/04\/13\/areal-e-marica-celebram-acordo-de-cidades-irmas-e-firmam-parceria-para-alavancar-o-turismo\/","title":{"rendered":"Areal e Maric\u00e1 celebram acordo de Cidades-Irm\u00e3s e firmam parceria para alavancar o turismo"},"content":{"rendered":"\n<p>Na sexta-feira, 11 de abril, os munic\u00edpios de Areal e Maric\u00e1 oficializaram uma parceria hist\u00f3rica que concedeu a eles o t\u00edtulo de\u201cCidades-Irm\u00e3s\u201d. A cerim\u00f4nia de celebra\u00e7\u00e3o do acordo, com a assinatura<br>do termo pelos prefeitos Gutinho Bernardes e Washington Quaqu\u00e1, aconteceu durante a tarde, no Cinema da Esta\u00e7\u00e3o, na presen\u00e7a de diversos convidados e autoridades.<\/p>\n\n\n\n<p>O Termo de Coopera\u00e7\u00e3o T\u00e9cnica, Cultural e Econ\u00f4mica n\u00ba 001\/2025 \u2013 o qual estabelece o fortalecimento dos la\u00e7os entre os munic\u00edpios de Areal e Maric\u00e1 \u2013 prev\u00ea o desenvolvimento de diversos projetos ben\u00e9ficos para ambas as cidades, como a implementa\u00e7\u00e3o de uma cave de vinhos da Serra Fluminense em Maric\u00e1, a implanta\u00e7\u00e3o de uma vin\u00edcola em Areal operada por uma empresa de produtos naturais de Maric\u00e1 e a viabiliza\u00e7\u00e3o do interc\u00e2mbio tur\u00edstico entre os munic\u00edpios. O acordo tamb\u00e9m favorece a promo\u00e7\u00e3o e divulga\u00e7\u00e3o conjunta dos produtos, a\u00e7\u00f5es e iniciativas dos dois munic\u00edpios em escala nacional e internacional.<\/p>\n\n\n\n<p>O evento de oficializa\u00e7\u00e3o do acordo contou com a presen\u00e7a de importantes empreendedores e investidores de Areal, como Roberto Medina, Francisco Brand\u00e3o, Lu\u00eds Soraggi, Maur\u00edcio Arouca e Marcus Rezende. Al\u00e9m deles, secret\u00e1rios e vereadores de Areal estiveram presentes para celebrar esta uni\u00e3o, que promete trazer muitos frutos para o turismo de Areal e Maric\u00e1.<\/p>\n\n\n\n<p>Esta parceria marca um novo cap\u00edtulo na hist\u00f3ria de Areal, que, agora junto a Maric\u00e1, mostra seu comprometimento com um setor tur\u00edstico fortalecido, impulsionado por iniciativas e investimentos que transformar\u00e3o a realidade da regi\u00e3o.<\/p>\n","protected":false},"excerpt":{"rendered":"<p>Na sexta-feira, 11 de abril, os munic\u00edpios de Areal e Maric\u00e1 oficializaram uma parceria hist\u00f3rica<\/p>\n","protected":false},"author":2,"featured_media":102475,"comment_status":"open","ping_status":"open","sticky":false,"template":"","format":"standard","meta":{"footnotes":""},"categories":[17],"tags":[],"class_list":["post-102474","post","type-post","status-publish","format-standard","has-post-thumbnail","hentry","category-outras-noticias"],"_links":{"self":[{"href":"https:\/\/tvc16.com\/portal\/wp-json\/wp\/v2\/posts\/102474","targetHints":{"allow":["GET"]}}],"collection":[{"href":"https:\/\/tvc16.com\/portal\/wp-json\/wp\/v2\/posts"}],"about":[{"href":"https:\/\/tvc16.com\/portal\/wp-json\/wp\/v2\/types\/post"}],"author":[{"embeddable":true,"href":"https:\/\/tvc16.com\/portal\/wp-json\/wp\/v2\/users\/2"}],"replies":[{"embeddable":true,"href":"https:\/\/tvc16.com\/portal\/wp-json\/wp\/v2\/comments?post=102474"}],"version-history":[{"count":1,"href":"https:\/\/tvc16.com\/portal\/wp-json\/wp\/v2\/posts\/102474\/revisions"}],"predecessor-version":[{"id":102476,"href":"https:\/\/tvc16.com\/portal\/wp-json\/wp\/v2\/posts\/102474\/revisions\/102476"}],"wp:featuredmedia":[{"embeddable":true,"href":"https:\/\/tvc16.com\/portal\/wp-json\/wp\/v2\/media\/102475"}],"wp:attachment":[{"href":"https:\/\/tvc16.com\/portal\/wp-json\/wp\/v2\/media?parent=102474"}],"wp:term":[{"taxonomy":"category","embeddable":true,"href":"https:\/\/tvc16.com\/portal\/wp-json\/wp\/v2\/categories?post=102474"},{"taxonomy":"post_tag","embeddable":true,"href":"https:\/\/tvc16.com\/portal\/wp-json\/wp\/v2\/tags?post=102474"}],"curies":[{"name":"wp","href":"https:\/\/api.w.org\/{rel}","templated":true}]}}