{"id":10248,"date":"2021-02-11T11:55:36","date_gmt":"2021-02-11T14:55:36","guid":{"rendered":"https:\/\/tvc16.com\/portal\/?p=10248"},"modified":"2021-02-11T11:55:38","modified_gmt":"2021-02-11T14:55:38","slug":"prefeitura-vai-usar-mapas-de-calor-da-fiocruz-para-monitorar-evolucao-da-covid-19-por-meio-das-unidades-basicas-de-saude","status":"publish","type":"post","link":"https:\/\/tvc16.com\/portal\/2021\/02\/11\/prefeitura-vai-usar-mapas-de-calor-da-fiocruz-para-monitorar-evolucao-da-covid-19-por-meio-das-unidades-basicas-de-saude\/","title":{"rendered":"Prefeitura vai usar mapas de calor da Fiocruz para monitorar evolu\u00e7\u00e3o da covid-19 por meio das unidades b\u00e1sicas de sa\u00fade"},"content":{"rendered":"\n<p>O governo interino e a Fiocruz v\u00e3o ampliar o monitoramento da covid-19 na cidade. A inten\u00e7\u00e3o \u00e9 envolver as equipes da Aten\u00e7\u00e3o B\u00e1sica, com estrat\u00e9gia Sa\u00fade da Fam\u00edlia, no m\u00e9todo, desenvolvido pela institui\u00e7\u00e3o, que usa a cartografia participativa, para monitorar a incid\u00eancia da doen\u00e7a na cidade. O objetivo \u00e9 tra\u00e7ar estrat\u00e9gias e avaliar medidas de preven\u00e7\u00e3o e controle baseadas nos resultados obtidos pela ferramenta.<\/p>\n\n\n\n<p>\u201cA parceria com a Fiocruz \u00e9 muito importante para o munic\u00edpio. Temos total interesse de estreitar cada vez mais os la\u00e7os para usarmos o potencial da institui\u00e7\u00e3o em benef\u00edcio da popula\u00e7\u00e3o\u201d, afirmou o prefeito interino, Hingo Hammes.<\/p>\n\n\n\n<p>Para o secret\u00e1rio de Sa\u00fade, Aloisio Barbosa da Silva Filho, a cartografia participativa desenvolvida pela Fiocruz ser\u00e1 fundamental para a tomada de decis\u00f5es.<\/p>\n\n\n\n<p>\u201cA ferramenta gera mapas cartogr\u00e1ficos de calor que indicam as \u00e1reas de maior incid\u00eancia da doen\u00e7a e como este tr\u00e2nsito acontece entre os bairros. \u00c9 uma excelente forma de analisarmos o avan\u00e7o da covid-19\u201d, avaliou, lembrando que os mapas j\u00e1 foram utilizados para identificar os dois primeiros bairros que come\u00e7aram a receber nesta quinta-feira (11), as equipes para vacina\u00e7\u00e3o domiciliar de acamados, que n\u00e3o conseguem se locomover.<\/p>\n\n\n\n<p>A aplica\u00e7\u00e3o da ferramenta nas unidades da Aten\u00e7\u00e3o B\u00e1sica, com estrat\u00e9gia de Sa\u00fade da Fam\u00edlia, vai permitir mapear quase metade da popula\u00e7\u00e3o da cidade.<\/p>\n\n\n\n<p>\u201cO principal objetivo deste sistema geogr\u00e1fico \u00e9 permitir avaliar a gravidade para discutir estrat\u00e9gias e alertar a popula\u00e7\u00e3o sobre a presen\u00e7a da doen\u00e7a. O sistema funciona como um sinal de alerta que permite uma a\u00e7\u00e3o r\u00e1pida para bloquear a contamina\u00e7\u00e3o e proteger os indiv\u00edduos\u201d, explicou o diretor do F\u00f3rum Itabora\u00ed &#8211; Pol\u00edtica, Ci\u00eancia e Cultura na Sa\u00fade\/Fiocruz-Petr\u00f3polis, Felix Rosenberg.<\/p>\n\n\n\n<p><br>Segundo Rosenberg, a cartografia participativa consiste na aquisi\u00e7\u00e3o de dados sobre os territ\u00f3rios, oriundos do departamento de Vigil\u00e2ncia em Sa\u00fade e tamb\u00e9m a partir da vis\u00e3o de quem vive e trabalha nestes locais, principalmente os agentes comunit\u00e1rios de sa\u00fade. O trabalho foi iniciado em 2017 em oito \u00e1reas priorit\u00e1rias, dando origem aos mapas territoriais, ricos em detalhes e agora ser\u00e3o ampliados para todas as unidades da Aten\u00e7\u00e3o B\u00e1sica com estrat\u00e9gia Sa\u00fade da Fam\u00edlia. O m\u00e9todo faz uma micro vigil\u00e2ncia que envolve a popula\u00e7\u00e3o e estimula a corresponsabilidade no enfrentamento da doen\u00e7a.<\/p>\n","protected":false},"excerpt":{"rendered":"<p>O governo interino e a Fiocruz v\u00e3o ampliar o monitoramento da covid-19 na cidade. A<\/p>\n","protected":false},"author":2,"featured_media":10249,"comment_status":"open","ping_status":"open","sticky":false,"template":"","format":"standard","meta":{"footnotes":""},"categories":[12],"tags":[],"class_list":["post-10248","post","type-post","status-publish","format-standard","has-post-thumbnail","hentry","category-cidade"],"_links":{"self":[{"href":"https:\/\/tvc16.com\/portal\/wp-json\/wp\/v2\/posts\/10248","targetHints":{"allow":["GET"]}}],"collection":[{"href":"https:\/\/tvc16.com\/portal\/wp-json\/wp\/v2\/posts"}],"about":[{"href":"https:\/\/tvc16.com\/portal\/wp-json\/wp\/v2\/types\/post"}],"author":[{"embeddable":true,"href":"https:\/\/tvc16.com\/portal\/wp-json\/wp\/v2\/users\/2"}],"replies":[{"embeddable":true,"href":"https:\/\/tvc16.com\/portal\/wp-json\/wp\/v2\/comments?post=10248"}],"version-history":[{"count":1,"href":"https:\/\/tvc16.com\/portal\/wp-json\/wp\/v2\/posts\/10248\/revisions"}],"predecessor-version":[{"id":10250,"href":"https:\/\/tvc16.com\/portal\/wp-json\/wp\/v2\/posts\/10248\/revisions\/10250"}],"wp:featuredmedia":[{"embeddable":true,"href":"https:\/\/tvc16.com\/portal\/wp-json\/wp\/v2\/media\/10249"}],"wp:attachment":[{"href":"https:\/\/tvc16.com\/portal\/wp-json\/wp\/v2\/media?parent=10248"}],"wp:term":[{"taxonomy":"category","embeddable":true,"href":"https:\/\/tvc16.com\/portal\/wp-json\/wp\/v2\/categories?post=10248"},{"taxonomy":"post_tag","embeddable":true,"href":"https:\/\/tvc16.com\/portal\/wp-json\/wp\/v2\/tags?post=10248"}],"curies":[{"name":"wp","href":"https:\/\/api.w.org\/{rel}","templated":true}]}}