{"id":102494,"date":"2025-04-14T08:38:28","date_gmt":"2025-04-14T11:38:28","guid":{"rendered":"https:\/\/tvc16.com\/portal\/?p=102494"},"modified":"2025-04-14T08:38:29","modified_gmt":"2025-04-14T11:38:29","slug":"prazo-para-pedir-isencao-da-inscricao-no-enem-comeca-nesta-segunda","status":"publish","type":"post","link":"https:\/\/tvc16.com\/portal\/2025\/04\/14\/prazo-para-pedir-isencao-da-inscricao-no-enem-comeca-nesta-segunda\/","title":{"rendered":"Prazo para pedir isen\u00e7\u00e3o da inscri\u00e7\u00e3o no Enem come\u00e7a nesta segunda"},"content":{"rendered":"\n<p><em>Interessados t\u00eam at\u00e9 25 de abril para fazer a solicita\u00e7\u00e3o<\/em><\/p>\n\n\n\n<p>Por Daniella Almeida &#8211; Rep\u00f3rter da Ag\u00eancia Brasil \/ Foto: Paulo Pinto\/Ag\u00eancia Brasil<\/p>\n\n\n\n<p><\/p>\n\n\n\n<p><strong>O per\u00edodo para solicitar a isen\u00e7\u00e3o da taxa de inscri\u00e7\u00e3o no Exame Nacional do Ensino M\u00e9dio (Enem) de 2025 ser\u00e1 entre 14 e 25 de abril.<\/strong><img decoding=\"async\" src=\"https:\/\/agenciabrasil.ebc.com.br\/ebc.png?id=1638684&amp;o=node\"><img decoding=\"async\" src=\"https:\/\/agenciabrasil.ebc.com.br\/ebc.gif?id=1638684&amp;o=node\"><\/p>\n\n\n\n<p>A isen\u00e7\u00e3o da taxa de inscri\u00e7\u00e3o deve ser solicitada exclusivamente pela&nbsp;<a href=\"https:\/\/enem.inep.gov.br\/participante\/#!\/\" target=\"_blank\" rel=\"noreferrer noopener\">P\u00e1gina do Participante<\/a>, com o&nbsp;<em>login<\/em>&nbsp;\u00fanico do portal de servi\u00e7os do governo federal, o&nbsp;<a href=\"https:\/\/www.gov.br\/pt-br\" target=\"_blank\" rel=\"noreferrer noopener\">Gov.br<\/a>.<\/p>\n\n\n\n<p>Para solicitar a isen\u00e7\u00e3o de pagamento da taxa de inscri\u00e7\u00e3o para o Enem 2025, o participante deve informar o n\u00famero de seu Cadastro de Pessoa F\u00edsica (CPF) e a data de nascimento. Os dados pessoais devem ser iguais aos cadastrados na Receita Federal.<\/p>\n\n\n\n<h2 class=\"wp-block-heading\">Quem pode pedir a isen\u00e7\u00e3o<\/h2>\n\n\n\n<p><strong>O Instituto Nacional de Estudos e Pesquisas Educacionais An\u00edsio Teixeira (Inep) prev\u00ea a gratuidade para:<\/strong><\/p>\n\n\n\n<ul class=\"wp-block-list\">\n<li><strong>Matriculados no 3\u00ba ano do ensino m\u00e9dio em escola p\u00fablica (em 2025), em qualquer modalidade de ensino (regular ou educa\u00e7\u00e3o de jovens e adultos &#8211; EJA);<\/strong><\/li>\n\n\n\n<li><strong>Estudantes que cursaram todo o ensino m\u00e9dio em escola p\u00fablica ou como bolsista integral em escola privada;<\/strong><\/li>\n\n\n\n<li><strong>Estudantes com renda mensal igual ou inferior a um sal\u00e1rio m\u00ednimo e meio (R$ 2.277, em 2025);<\/strong><\/li>\n\n\n\n<li><strong>Pessoas em situa\u00e7\u00e3o de vulnerabilidade socioecon\u00f4mica com registro ativo no Cadastro \u00danico para Programas Sociais (Cad\u00danico) do governo federal.<\/strong><\/li>\n\n\n\n<li><strong>Participantes do programa P\u00e9-de-Meia, do Minist\u00e9rio da Educa\u00e7\u00e3o (MEC).<\/strong><\/li>\n<\/ul>\n\n\n\n<p>Baseado nesta lista, os candidatos dever\u00e3o comprovar o cumprimento dos requisitos para conseguir a isen\u00e7\u00e3o da taxa de inscri\u00e7\u00e3o no Enem.<\/p>\n\n\n\n<p>Os documentos aceitos para a solicita\u00e7\u00e3o da gratuidade est\u00e3o descritos no Anexo II do&nbsp;<a href=\"https:\/\/www.in.gov.br\/en\/web\/dou\/-\/edital-n-18-de-24-de-marco-de-2025-620921318\" target=\"_blank\" rel=\"noreferrer noopener\">edital<\/a>. Entre eles, a declara\u00e7\u00e3o escolar que comprove estar cursando a \u00faltima s\u00e9rie do ensino m\u00e9dio em 2025, na rede p\u00fablica; e comprovante da renda declarada.<\/p>\n\n\n\n<h2 class=\"wp-block-heading\">Justificativa de aus\u00eancia<\/h2>\n\n\n\n<p><strong>O candidato que teve a gratuidade da taxa de inscri\u00e7\u00e3o do Enem do ano passado, mas n\u00e3o compareceu a um ou dois dias de provas, na edi\u00e7\u00e3o de 2024, e ainda quer participar da edi\u00e7\u00e3o de 2025 gratuitamente ter\u00e1 que justificar a aus\u00eancia.<\/strong><\/p>\n\n\n\n<p>De acordo com o&nbsp;<a href=\"https:\/\/www.in.gov.br\/en\/web\/dou\/-\/edital-n-18-de-24-de-marco-de-2025-620921318\" target=\"_blank\" rel=\"noreferrer noopener\">edital<\/a>, o prazo para fazer a justificativa ser\u00e1 o mesmo do pedido de isen\u00e7\u00e3o da taxa de inscri\u00e7\u00e3o: de 14 at\u00e9 as 23h59 de 25 de abril.<\/p>\n\n\n\n<p>A justificativa de aus\u00eancia no Enem 2024 \u00e9 realizada no mesmo sistema de solicita\u00e7\u00e3o de isen\u00e7\u00e3o da taxa de inscri\u00e7\u00e3o, a&nbsp;<a href=\"https:\/\/enem.inep.gov.br\/participante\/#!\/\" target=\"_blank\" rel=\"noreferrer noopener\">P\u00e1gina do Participante<\/a>.<\/p>\n\n\n\n<p>O Inep avisa que n\u00e3o ser\u00e3o aceitos documentos autodeclarat\u00f3rios ou emitidos por pais ou respons\u00e1veis do candidato.<\/p>\n\n\n\n<h2 class=\"wp-block-heading\">Cronograma<\/h2>\n\n\n\n<p><strong>Em 12 de maio, o Inep ir\u00e1 divulgar os resultados das solicita\u00e7\u00f5es de isen\u00e7\u00e3o da taxa e, tamb\u00e9m, se foram aceitas as justificativas de aus\u00eancia em 2024 para nova gratuidade.<\/strong><\/p>\n\n\n\n<p>O per\u00edodo de recursos ser\u00e1 entre 12 a 16 de maio. O&nbsp;resultado dos recursos sair\u00e1 em 22 de maio.<\/p>\n\n\n\n<p><strong>Somente ap\u00f3s este cronograma, o MEC&nbsp;abrir\u00e1 o per\u00edodo oficial de inscri\u00e7\u00f5es na edi\u00e7\u00e3o deste ano do Enem.&nbsp;<\/strong>Ainda ser\u00e1 publicado um edital espec\u00edfico com as datas e regras.&nbsp;<\/p>\n\n\n\n<h2 class=\"wp-block-heading\">Enem<\/h2>\n\n\n\n<p>Institu\u00eddo em 1998, o Exame Nacional do Ensino M\u00e9dio avalia anualmente o desempenho escolar dos estudantes ao t\u00e9rmino do ensino m\u00e9dio. Os participantes que ainda n\u00e3o conclu\u00edram o ensino m\u00e9dio podem participar como treineiros, e os resultados obtidos no exame servem somente para autoavalia\u00e7\u00e3o de conhecimentos.<\/p>\n\n\n\n<p><strong>As notas do Enem podem ser usadas em processos seletivos coordenados pelo Minist\u00e9rio da Educa\u00e7\u00e3o<\/strong>, como Sistema de Sele\u00e7\u00e3o Unificada (Sisu), o Programa Universidade para Todos (ProUni) e o Fundo de Financiamento ao Estudante do Ensino Superior (Fies) do governo federal.<\/p>\n\n\n\n<p>O desempenho no Enem tamb\u00e9m \u00e9 considerado para ingresso em institui\u00e7\u00f5es de educa\u00e7\u00e3o superior de Portugal que t\u00eam acordo com o Inep. Os acordos garantem acesso facilitado \u00e0s notas dos estudantes brasileiros interessados em cursar a educa\u00e7\u00e3o superior naquele pa\u00eds.<\/p>\n\n\n\n<p>O exame tamb\u00e9m \u00e9 aplicado a&nbsp;<a href=\"https:\/\/agenciabrasil.ebc.com.br\/educacao\/noticia\/2024-12\/mais-de-97-mil-pessoas-privadas-de-liberdade-farao-provas-do-enem-ppl\" target=\"_blank\" rel=\"noreferrer noopener\">pessoas privadas de liberdade ou sob medidas socioeducativas<\/a>, em datas diferentes do Enem regular.<br><\/p>\n","protected":false},"excerpt":{"rendered":"<p>Interessados t\u00eam at\u00e9 25 de abril para fazer a solicita\u00e7\u00e3o Por Daniella Almeida &#8211; Rep\u00f3rter<\/p>\n","protected":false},"author":2,"featured_media":102495,"comment_status":"open","ping_status":"open","sticky":false,"template":"","format":"standard","meta":{"footnotes":""},"categories":[17],"tags":[],"class_list":["post-102494","post","type-post","status-publish","format-standard","has-post-thumbnail","hentry","category-outras-noticias"],"_links":{"self":[{"href":"https:\/\/tvc16.com\/portal\/wp-json\/wp\/v2\/posts\/102494","targetHints":{"allow":["GET"]}}],"collection":[{"href":"https:\/\/tvc16.com\/portal\/wp-json\/wp\/v2\/posts"}],"about":[{"href":"https:\/\/tvc16.com\/portal\/wp-json\/wp\/v2\/types\/post"}],"author":[{"embeddable":true,"href":"https:\/\/tvc16.com\/portal\/wp-json\/wp\/v2\/users\/2"}],"replies":[{"embeddable":true,"href":"https:\/\/tvc16.com\/portal\/wp-json\/wp\/v2\/comments?post=102494"}],"version-history":[{"count":1,"href":"https:\/\/tvc16.com\/portal\/wp-json\/wp\/v2\/posts\/102494\/revisions"}],"predecessor-version":[{"id":102496,"href":"https:\/\/tvc16.com\/portal\/wp-json\/wp\/v2\/posts\/102494\/revisions\/102496"}],"wp:featuredmedia":[{"embeddable":true,"href":"https:\/\/tvc16.com\/portal\/wp-json\/wp\/v2\/media\/102495"}],"wp:attachment":[{"href":"https:\/\/tvc16.com\/portal\/wp-json\/wp\/v2\/media?parent=102494"}],"wp:term":[{"taxonomy":"category","embeddable":true,"href":"https:\/\/tvc16.com\/portal\/wp-json\/wp\/v2\/categories?post=102494"},{"taxonomy":"post_tag","embeddable":true,"href":"https:\/\/tvc16.com\/portal\/wp-json\/wp\/v2\/tags?post=102494"}],"curies":[{"name":"wp","href":"https:\/\/api.w.org\/{rel}","templated":true}]}}