{"id":1025,"date":"2020-09-23T12:34:06","date_gmt":"2020-09-23T12:34:06","guid":{"rendered":"https:\/\/tvc16.com\/portal\/?p=1025"},"modified":"2020-09-23T12:34:06","modified_gmt":"2020-09-23T12:34:06","slug":"hotel-sesc-nogueira-reabre-dia-15-de-outubro-com-rigido-protocolo-de-seguranca-contra-a-covid-19","status":"publish","type":"post","link":"https:\/\/tvc16.com\/portal\/2020\/09\/23\/hotel-sesc-nogueira-reabre-dia-15-de-outubro-com-rigido-protocolo-de-seguranca-contra-a-covid-19\/","title":{"rendered":"Hotel Sesc Nogueira, reabre dia 15 de outubro com r\u00edgido protocolo de seguran\u00e7a contra a Covid-19"},"content":{"rendered":"\n<p>&#8220;Entre as medidas adotadas para preservar a sa\u00fade dos h\u00f3spedes e dos funcion\u00e1rios est\u00e3o testagem de temperatura, refei\u00e7\u00f5es \u00e0 la carte e com buffet humanizado, servi\u00e7o de quarto sob demanda e tapetes sanitizantes&#8221;.<br>\u00a0<br>Depois de mais de seis meses fechado por conta da pandemia da Covid-19, o Hotel Sesc Nogueira, em Petr\u00f3polis, reabrir\u00e1 as portas dia 15 de outubro. Para garantir a seguran\u00e7a dos h\u00f3spedes e dos funcion\u00e1rios, o estabelecimento adotar\u00e1 um protocolo que inclui diversas medidas, come\u00e7ando pela limita\u00e7\u00e3o da capacidade. Apenas 50% dos apartamentos do pr\u00e9dio central estar\u00e3o dispon\u00edveis \u2013 totalizando 40 \u2013, conforme determina decreto municipal.<br>\u00a0<br>A reabertura vale apenas para o setor de hotelaria e n\u00e3o inclui os demais servi\u00e7os da unidade Sesc Nogueira, como programa\u00e7\u00f5es culturais e aulas de modalidades esportivas. Por essa raz\u00e3o, as estruturas abertas ao p\u00fablico, como o Parque Aqu\u00e1tico e as quadras poliesportivas, ficam \u00e0 disposi\u00e7\u00e3o exclusiva dos h\u00f3spedes.<br>\u00a0<br>As medidas de seguran\u00e7a ser\u00e3o sentidas pelos h\u00f3spedes j\u00e1 na entrada do hotel, onde passar\u00e3o por aferi\u00e7\u00e3o de temperatura e por um tapete sanitizante. O equipamento estar\u00e1 presente\u00a0em outros espa\u00e7os do estabelecimento, assim como os\u00a0dispensers\u00a0de \u00e1lcool em gel 70%. Em vez de\u00a0self-service, as refei\u00e7\u00f5es (caf\u00e9 da manh\u00e3, almo\u00e7o e jantar) ser\u00e3o\u00a0\u00e0 la carte\u00a0ou com buffet humanizado, quando um funcion\u00e1rio serve o prato dos comensais.<br>\u00a0<br>Dentro do apartamento, mais novidades. A arruma\u00e7\u00e3o dos quartos e a troca do enxoval ser\u00e3o realizadas mediante pedido do h\u00f3spede. Durante a estada, o frigobar ficar\u00e1 desabastecido, devendo o cliente consultar e solicitar os produtos por telefone \u00e0 recep\u00e7\u00e3o. As medidas reduzem o ingresso dos funcion\u00e1rios nas acomoda\u00e7\u00f5es, ainda que ganhem refor\u00e7o nos EPIs (Equipamentos de Prote\u00e7\u00e3o Individual) &#8211; al\u00e9m das luvas, usar\u00e3o m\u00e1scaras e\u00a0face Shields.<br>\u00a0<br>\u201cO Sesc Nogueira est\u00e1 tomando todas as medidas de seguran\u00e7a necess\u00e1rias para oferecer conforto aos h\u00f3spedes e, ao mesmo tempo, preservar a sa\u00fade dos mesmos e dos nossos colaboradores. \u00c9 um protocolo elaborado por uma equipe de profissionais multidisciplinar e que atendem as recomenda\u00e7\u00f5es dos \u00f3rg\u00e3os nacionais e internacionais de sa\u00fade\u201d, diz Ricardo Braga, gerente do Sesc Nogueira.<br>\u00a0<br>Todas as informa\u00e7\u00f5es sobre as medidas de seguran\u00e7a adotadas pelo hotel ser\u00e3o informadas aos h\u00f3spedes antes da reserva. Tamb\u00e9m estar\u00e3o expostas, por meio de sinaliza\u00e7\u00e3o, nos apartamentos e \u00e1reas comuns. As reservas podem ser feitas em\u00a0www.sescrio.org.br.<\/p>\n","protected":false},"excerpt":{"rendered":"<p>&#8220;Entre as medidas adotadas para preservar a sa\u00fade dos h\u00f3spedes e dos funcion\u00e1rios est\u00e3o testagem<\/p>\n","protected":false},"author":2,"featured_media":1026,"comment_status":"open","ping_status":"open","sticky":false,"template":"","format":"standard","meta":{"footnotes":""},"categories":[12],"tags":[],"class_list":["post-1025","post","type-post","status-publish","format-standard","has-post-thumbnail","hentry","category-cidade"],"_links":{"self":[{"href":"https:\/\/tvc16.com\/portal\/wp-json\/wp\/v2\/posts\/1025","targetHints":{"allow":["GET"]}}],"collection":[{"href":"https:\/\/tvc16.com\/portal\/wp-json\/wp\/v2\/posts"}],"about":[{"href":"https:\/\/tvc16.com\/portal\/wp-json\/wp\/v2\/types\/post"}],"author":[{"embeddable":true,"href":"https:\/\/tvc16.com\/portal\/wp-json\/wp\/v2\/users\/2"}],"replies":[{"embeddable":true,"href":"https:\/\/tvc16.com\/portal\/wp-json\/wp\/v2\/comments?post=1025"}],"version-history":[{"count":1,"href":"https:\/\/tvc16.com\/portal\/wp-json\/wp\/v2\/posts\/1025\/revisions"}],"predecessor-version":[{"id":1027,"href":"https:\/\/tvc16.com\/portal\/wp-json\/wp\/v2\/posts\/1025\/revisions\/1027"}],"wp:featuredmedia":[{"embeddable":true,"href":"https:\/\/tvc16.com\/portal\/wp-json\/wp\/v2\/media\/1026"}],"wp:attachment":[{"href":"https:\/\/tvc16.com\/portal\/wp-json\/wp\/v2\/media?parent=1025"}],"wp:term":[{"taxonomy":"category","embeddable":true,"href":"https:\/\/tvc16.com\/portal\/wp-json\/wp\/v2\/categories?post=1025"},{"taxonomy":"post_tag","embeddable":true,"href":"https:\/\/tvc16.com\/portal\/wp-json\/wp\/v2\/tags?post=1025"}],"curies":[{"name":"wp","href":"https:\/\/api.w.org\/{rel}","templated":true}]}}