{"id":102504,"date":"2025-04-14T09:41:07","date_gmt":"2025-04-14T12:41:07","guid":{"rendered":"https:\/\/tvc16.com\/portal\/?p=102504"},"modified":"2025-04-14T09:41:09","modified_gmt":"2025-04-14T12:41:09","slug":"policia-civil-acaba-com-festa-de-narcomilicia-e-prende-9-na-baixada-fluminense","status":"publish","type":"post","link":"https:\/\/tvc16.com\/portal\/2025\/04\/14\/policia-civil-acaba-com-festa-de-narcomilicia-e-prende-9-na-baixada-fluminense\/","title":{"rendered":"Pol\u00edcia Civil acaba com festa de\u00a0narcomil\u00edcia\u00a0e prende 9 na Baixada Fluminense"},"content":{"rendered":"\n<p><em>A\u00e7\u00e3o ocorreu em Duque de Caxias contra grupos criminosos do tr\u00e1fico e da mil\u00edcia que atuam em conjunto no bairro S\u00e3o Bento<\/em><br><br>Policiais civis acabaram com uma festa de narcomilicianos, na madrugada deste domingo (13\/04), e prenderam em flagrante nove criminosos em Duque de Caxias, na Baixada Fluminense. A opera\u00e7\u00e3o foi deflagrada pela Delegacia de Repress\u00e3o \u00e0s A\u00e7\u00f5es Criminosas Organizadas (Draco), em conjunto com agentes da Delegacia de Homic\u00eddios da Baixada Fluminense (DHBF) e da 38\u00aa DP (Br\u00e1s de Pina). Entre os detidos, est\u00e3o dois l\u00edderes da narcomil\u00edcia que explora a regi\u00e3o. Foram apreendidas armas e equipamentos t\u00e1ticos.<\/p>\n\n\n\n<p>&#8211; A pris\u00e3o desses narcomilicianos \u00e9 mais uma demonstra\u00e7\u00e3o de que n\u00e3o vamos recuar no enfrentamento ao crime organizado. Nossas for\u00e7as de seguran\u00e7a seguem atuando com intelig\u00eancia, firmeza e estrat\u00e9gia para identificar, prender e desarticular essas quadrilhas que aterrorizam a sociedade. Nosso compromisso \u00e9 com a lei, com a ordem e com a popula\u00e7\u00e3o fluminense &#8211; disse o governador Cl\u00e1udio Castro.<\/p>\n\n\n\n<p>A a\u00e7\u00e3o ocorreu ap\u00f3s levantamento de informa\u00e7\u00f5es de intelig\u00eancia que sinalizaram a realiza\u00e7\u00e3o de uma festa em comemora\u00e7\u00e3o ao anivers\u00e1rio de integrantes da mil\u00edcia do bairro S\u00e3o Bento. O grupo paramilitar atua em conjunto com a fac\u00e7\u00e3o criminosa Terceiro Comando Puro (TCP) na localidade.<\/p>\n\n\n\n<p>Ao chegarem no local da festa \u2014 um estabelecimento comercial com piscinas, churrasqueiras, campo de futebol e bar \u2014, os policiais renderam alguns narcomilicanos que estavam na porta fazendo a seguran\u00e7a do evento. Ao entrarem, foram identificados outros criminosos, todos armados. Houve rea\u00e7\u00e3o por parte de alguns deles, que tentaram fugir pulando o muro para uma \u00e1rea de mata. Ap\u00f3s r\u00e1pida troca de tiros, os bandidos em fuga foram alcan\u00e7ados e capturados.<\/p>\n\n\n\n<p>&#8211; Tiramos de circula\u00e7\u00e3o nove criminosos que aterrorizam os cidad\u00e3os de bem. A Pol\u00edcia Civil tem realizado in\u00fameras a\u00e7\u00f5es, baseadas em intelig\u00eancia, para desarticular essas fac\u00e7\u00f5es que subjugam os moradores das comunidades e causam intranquilidade \u00e0 popula\u00e7\u00e3o. Nosso recado est\u00e1 sendo dado e seguiremos firmes na miss\u00e3o de combater a criminalidade em prol da seguran\u00e7a p\u00fablica &#8211; destacou o secret\u00e1rio de Pol\u00edcia Civil, Felipe Curi.<\/p>\n\n\n\n<p>Com os presos, foram apreendidos diversos armamentos. Entre eles, sete pistolas, uma espingarda e um simulacro de arma de fogo, al\u00e9m de outros materiais b\u00e9licos e equipamentos t\u00e1ticos. Os detidos foram autuados em flagrante por constitui\u00e7\u00e3o de mil\u00edcia privada e porte ilegal de arma de fogo de uso restrito. De acordo com os agentes, todos possuem diversas anota\u00e7\u00f5es criminais.<\/p>\n\n\n\n<p>A opera\u00e7\u00e3o faz parte de um esfor\u00e7o cont\u00ednuo da Pol\u00edcia Civil para desarticular grupos criminosos que imp\u00f5em um regime de viol\u00eancia e intimida\u00e7\u00e3o \u00e0 popula\u00e7\u00e3o. As investiga\u00e7\u00f5es seguem para identificar e responsabilizar todos os integrantes das fac\u00e7\u00f5es envolvidas em atividades il\u00edcitas naquela regi\u00e3o.<\/p>\n","protected":false},"excerpt":{"rendered":"<p>A\u00e7\u00e3o ocorreu em Duque de Caxias contra grupos criminosos do tr\u00e1fico e da mil\u00edcia que<\/p>\n","protected":false},"author":2,"featured_media":102505,"comment_status":"open","ping_status":"open","sticky":false,"template":"","format":"standard","meta":{"footnotes":""},"categories":[17],"tags":[],"class_list":["post-102504","post","type-post","status-publish","format-standard","has-post-thumbnail","hentry","category-outras-noticias"],"_links":{"self":[{"href":"https:\/\/tvc16.com\/portal\/wp-json\/wp\/v2\/posts\/102504","targetHints":{"allow":["GET"]}}],"collection":[{"href":"https:\/\/tvc16.com\/portal\/wp-json\/wp\/v2\/posts"}],"about":[{"href":"https:\/\/tvc16.com\/portal\/wp-json\/wp\/v2\/types\/post"}],"author":[{"embeddable":true,"href":"https:\/\/tvc16.com\/portal\/wp-json\/wp\/v2\/users\/2"}],"replies":[{"embeddable":true,"href":"https:\/\/tvc16.com\/portal\/wp-json\/wp\/v2\/comments?post=102504"}],"version-history":[{"count":1,"href":"https:\/\/tvc16.com\/portal\/wp-json\/wp\/v2\/posts\/102504\/revisions"}],"predecessor-version":[{"id":102506,"href":"https:\/\/tvc16.com\/portal\/wp-json\/wp\/v2\/posts\/102504\/revisions\/102506"}],"wp:featuredmedia":[{"embeddable":true,"href":"https:\/\/tvc16.com\/portal\/wp-json\/wp\/v2\/media\/102505"}],"wp:attachment":[{"href":"https:\/\/tvc16.com\/portal\/wp-json\/wp\/v2\/media?parent=102504"}],"wp:term":[{"taxonomy":"category","embeddable":true,"href":"https:\/\/tvc16.com\/portal\/wp-json\/wp\/v2\/categories?post=102504"},{"taxonomy":"post_tag","embeddable":true,"href":"https:\/\/tvc16.com\/portal\/wp-json\/wp\/v2\/tags?post=102504"}],"curies":[{"name":"wp","href":"https:\/\/api.w.org\/{rel}","templated":true}]}}