{"id":102514,"date":"2025-04-14T10:41:17","date_gmt":"2025-04-14T13:41:17","guid":{"rendered":"https:\/\/tvc16.com\/portal\/?p=102514"},"modified":"2025-04-14T10:41:18","modified_gmt":"2025-04-14T13:41:18","slug":"acao-sobre-animais-peconhentos-reune-moradores-em-secretario","status":"publish","type":"post","link":"https:\/\/tvc16.com\/portal\/2025\/04\/14\/acao-sobre-animais-peconhentos-reune-moradores-em-secretario\/","title":{"rendered":"A\u00e7\u00e3o sobre animais pe\u00e7onhentos re\u00fane moradores em Secret\u00e1rio"},"content":{"rendered":"\n<p><em>Evento foi organizado pela Prefeitura de Petr\u00f3polis em parceria com o Instituto Vital Brazil, SES e Inea.<\/em><\/p>\n\n\n\n<p>A Prefeitura de Petr\u00f3polis, atrav\u00e9s da Secretaria Municipal de Sa\u00fade, realizou na Vila de Secret\u00e1rio, neste s\u00e1bado (12), uma a\u00e7\u00e3o de educa\u00e7\u00e3o e conscientiza\u00e7\u00e3o sobre animais pe\u00e7onhentos. Especialistas do Instituto Vital Brazil (IVB) trouxeram para a pra\u00e7a de Secret\u00e1rio animais vivos para mostrar aos moradores e explicaram como \u00e9 o comportamento de cada um deles, com dicas para evitar acidentes.<\/p>\n\n\n\n<p>\u201cEsta \u00e9 uma a\u00e7\u00e3o muito importante para conscientizar e orientar a popula\u00e7\u00e3o. S\u00f3 assim evitaremos novos acidentes e garantiremos um conv\u00edvio harmonioso da popula\u00e7\u00e3o, respeitando o meio ambiente\u201d comentou o prefeito Hingo Hammes.<\/p>\n\n\n\n<p>O evento faz parte de uma parceria com a Secretaria de Estado de Sa\u00fade do Rio de Janeiro (SES) e o Instituto Estadual do Ambiente (Inea). No local, t\u00e9cnicos do IVB e da Vigil\u00e2ncia Ambiental do munic\u00edpio deram explica\u00e7\u00f5es e tiraram d\u00favidas dos moradores. Al\u00e9m disso, foi distribu\u00eddo material informativo.<\/p>\n\n\n\n<p>\u201cDesde mar\u00e7o o Instituto Vital Brazil vem realizando capacita\u00e7\u00f5es focadas no manejo e atendimento em casos de acidentes por animais pe\u00e7onhentos em Petr\u00f3polis. O objetivo \u00e9 trazer informa\u00e7\u00e3o e garantir respostas mais r\u00e1pidas em emerg\u00eancias\u201d, comentou o secret\u00e1rio de sa\u00fade Lu\u00eds Cruzick.<\/p>\n\n\n\n<p>A a\u00e7\u00e3o ofereceu ainda informa\u00e7\u00f5es sobre sa\u00fade do trabalhador, voltadas para produtores rurais. A popula\u00e7\u00e3o teve acesso ainda a vacina\u00e7\u00e3o, aferi\u00e7\u00e3o de press\u00e3o arterial, glicose, testes r\u00e1pidos de Infec\u00e7\u00f5es Sexualmente Transmiss\u00edveis (IST) e orienta\u00e7\u00f5es sobre o planejamento familiar.<\/p>\n\n\n\n<p>No \u00faltimo dia 28 de mar\u00e7o a secretaria de sa\u00fade criou uma nova refer\u00eancia para atendimentos de emerg\u00eancia envolvendo acidentes com animais pe\u00e7onhentos na Unidade Pr\u00e9-Hospitalar de Pedro do Rio. A nova refer\u00eancia atende um pedido da popula\u00e7\u00e3o da Vila de Secret\u00e1rio, regi\u00e3o tur\u00edstica e cercada de mata. Al\u00e9m disso, uma ambul\u00e2ncia est\u00e1 dispon\u00edvel 24 horas na unidade para atender outros casos de picadas de animais pe\u00e7onhentos que necessitem de transfer\u00eancia para a Unidade de Pronto Atendimento de Cascatinha.<\/p>\n\n\n\n<p>Apesar do aumento no aparecimento de serpentes na regi\u00e3o, os n\u00fameros mostram que n\u00e3o houve aumento nos acidentes em Petr\u00f3polis. De janeiro a abril de 2025 foram oito casos de picadas de cobras, o mesmo n\u00famero de janeiro a abril 2024, e todos envolvendo jararacas. O munic\u00edpio de Petr\u00f3polis nunca registrou acidentes com cobras da esp\u00e9cie cascavel.<\/p>\n","protected":false},"excerpt":{"rendered":"<p>Evento foi organizado pela Prefeitura de Petr\u00f3polis em parceria com o Instituto Vital Brazil, SES<\/p>\n","protected":false},"author":2,"featured_media":102515,"comment_status":"open","ping_status":"open","sticky":false,"template":"","format":"standard","meta":{"footnotes":""},"categories":[12],"tags":[],"class_list":["post-102514","post","type-post","status-publish","format-standard","has-post-thumbnail","hentry","category-cidade"],"_links":{"self":[{"href":"https:\/\/tvc16.com\/portal\/wp-json\/wp\/v2\/posts\/102514","targetHints":{"allow":["GET"]}}],"collection":[{"href":"https:\/\/tvc16.com\/portal\/wp-json\/wp\/v2\/posts"}],"about":[{"href":"https:\/\/tvc16.com\/portal\/wp-json\/wp\/v2\/types\/post"}],"author":[{"embeddable":true,"href":"https:\/\/tvc16.com\/portal\/wp-json\/wp\/v2\/users\/2"}],"replies":[{"embeddable":true,"href":"https:\/\/tvc16.com\/portal\/wp-json\/wp\/v2\/comments?post=102514"}],"version-history":[{"count":1,"href":"https:\/\/tvc16.com\/portal\/wp-json\/wp\/v2\/posts\/102514\/revisions"}],"predecessor-version":[{"id":102516,"href":"https:\/\/tvc16.com\/portal\/wp-json\/wp\/v2\/posts\/102514\/revisions\/102516"}],"wp:featuredmedia":[{"embeddable":true,"href":"https:\/\/tvc16.com\/portal\/wp-json\/wp\/v2\/media\/102515"}],"wp:attachment":[{"href":"https:\/\/tvc16.com\/portal\/wp-json\/wp\/v2\/media?parent=102514"}],"wp:term":[{"taxonomy":"category","embeddable":true,"href":"https:\/\/tvc16.com\/portal\/wp-json\/wp\/v2\/categories?post=102514"},{"taxonomy":"post_tag","embeddable":true,"href":"https:\/\/tvc16.com\/portal\/wp-json\/wp\/v2\/tags?post=102514"}],"curies":[{"name":"wp","href":"https:\/\/api.w.org\/{rel}","templated":true}]}}