{"id":102523,"date":"2025-04-14T13:51:23","date_gmt":"2025-04-14T16:51:23","guid":{"rendered":"https:\/\/tvc16.com\/portal\/?p=102523"},"modified":"2025-04-14T13:51:25","modified_gmt":"2025-04-14T16:51:25","slug":"governo-publica-ampliacao-da-faixa-de-isencao-do-ir-para-r-2-428","status":"publish","type":"post","link":"https:\/\/tvc16.com\/portal\/2025\/04\/14\/governo-publica-ampliacao-da-faixa-de-isencao-do-ir-para-r-2-428\/","title":{"rendered":"Governo publica amplia\u00e7\u00e3o da faixa de isen\u00e7\u00e3o do IR para R$ 2.428"},"content":{"rendered":"\n<p>Medida vale a partir de maio deste ano<\/p>\n\n\n\n<p>O governo federal aumentou&nbsp;de R$ 2.259,20&nbsp;para R$ 2.428,80 a faixa de isen\u00e7\u00e3o do Imposto de Renda para Pessoa F\u00edsica (IPRF). Com isso, o tributo s\u00f3 incidir\u00e1 em valores acima da nova faixa, conforme prev\u00ea a&nbsp;<a href=\"https:\/\/www.in.gov.br\/en\/web\/dou\/-\/medida-provisoria-n-1.294-de-11-de-abril-de-2025-623734868\" target=\"_blank\" rel=\"noreferrer noopener\">Medida Provis\u00f3ria 1.294<\/a>&nbsp;publicada no&nbsp;<em>Di\u00e1rio Oficial da Uni\u00e3o<\/em>&nbsp;desta segunda-feira (14),<img decoding=\"async\" src=\"https:\/\/agenciabrasil.ebc.com.br\/ebc.png?id=1638799&amp;o=node\"><img decoding=\"async\" src=\"https:\/\/agenciabrasil.ebc.com.br\/ebc.gif?id=1638799&amp;o=node\"><\/p>\n\n\n\n<p>Assinada pelo presidente Luiz In\u00e1cio Lula da Silva (PT) e pelo ministro da Fazenda, Fernando Haddad, a medida valer\u00e1 a partir de maio (ano-calend\u00e1rio de 2025).<\/p>\n\n\n\n<p>Al\u00e9m dessa isen\u00e7\u00e3o, a&nbsp;<a href=\"https:\/\/www.planalto.gov.br\/ccivil_03\/_ato2023-2026\/2023\/lei\/l14663.htm\" target=\"_blank\" rel=\"noreferrer noopener\">legisla\u00e7\u00e3o<\/a>&nbsp;que instituiu&nbsp;em 2023&nbsp;a nova pol\u00edtica de valoriza\u00e7\u00e3o do sal\u00e1rio m\u00ednimo&nbsp;autoriza desconto de 25% sobre o valor de limite de isen\u00e7\u00e3o,&nbsp;no caso, de R$ 607,20. Somado aos R$ 2.824,80, o valor resulta em R$ 3.036 \u2013 equivalente a dois sal\u00e1rios m\u00ednimos.<\/p>\n\n\n\n<p>Atualmente, o sal\u00e1rio m\u00ednimo est\u00e1 em R$ 1.518.<\/p>\n\n\n\n<p>As demais faixas previstas na medida provis\u00f3ria publicada hoje foram mantidas. Portanto, sal\u00e1rios com valores entre R$ 2.428,80 e R$ 2.826,65 pagar\u00e3o al\u00edquota de 7,5%. Entre esse valor e R$ 3.751,05, a al\u00edquota aplicada ser\u00e1 de 15%.<\/p>\n\n\n\n<p>Sal\u00e1rios entre R$ 3.751,06 e R$ 4.664,68 pagar\u00e3o al\u00edquota de IR de 22,5%. Acima desse valor ter\u00e3o al\u00edquota de 27,5%.<\/p>\n\n\n\n<h2 class=\"wp-block-heading\">Promessa de campanha<\/h2>\n\n\n\n<p>Uma das principais&nbsp;<a href=\"https:\/\/agenciabrasil.ebc.com.br\/politica\/noticia\/2025-03\/lula-entrega-projeto-de-isencao-de-ir-para-quem-ganha-ate-r-5-mil\" target=\"_blank\" rel=\"noreferrer noopener\">promessas de campanha<\/a>&nbsp;feitas pelo ent\u00e3o candidato Luiz In\u00e1cio Lula da Silva foi a de, at\u00e9 o final de seu mandato,&nbsp;em 2026, ampliar para R$ 5 mil a&nbsp;faixa de isen\u00e7\u00e3o.<\/p>\n\n\n\n<p>Para isso,&nbsp;o governo federal apresentou&nbsp;em mar\u00e7o&nbsp;ao Congresso Nacional&nbsp;projeto de lei que, por meio de descontos parciais para quem recebe entre R$ 5 mil e R$ 7 mil, isenta aqueles que recebem at\u00e9 o valor prometido durante a campanha.<\/p>\n","protected":false},"excerpt":{"rendered":"<p>Medida vale a partir de maio deste ano O governo federal aumentou&nbsp;de R$ 2.259,20&nbsp;para R$<\/p>\n","protected":false},"author":2,"featured_media":102524,"comment_status":"open","ping_status":"open","sticky":false,"template":"","format":"standard","meta":{"footnotes":""},"categories":[17],"tags":[],"class_list":["post-102523","post","type-post","status-publish","format-standard","has-post-thumbnail","hentry","category-outras-noticias"],"_links":{"self":[{"href":"https:\/\/tvc16.com\/portal\/wp-json\/wp\/v2\/posts\/102523","targetHints":{"allow":["GET"]}}],"collection":[{"href":"https:\/\/tvc16.com\/portal\/wp-json\/wp\/v2\/posts"}],"about":[{"href":"https:\/\/tvc16.com\/portal\/wp-json\/wp\/v2\/types\/post"}],"author":[{"embeddable":true,"href":"https:\/\/tvc16.com\/portal\/wp-json\/wp\/v2\/users\/2"}],"replies":[{"embeddable":true,"href":"https:\/\/tvc16.com\/portal\/wp-json\/wp\/v2\/comments?post=102523"}],"version-history":[{"count":1,"href":"https:\/\/tvc16.com\/portal\/wp-json\/wp\/v2\/posts\/102523\/revisions"}],"predecessor-version":[{"id":102525,"href":"https:\/\/tvc16.com\/portal\/wp-json\/wp\/v2\/posts\/102523\/revisions\/102525"}],"wp:featuredmedia":[{"embeddable":true,"href":"https:\/\/tvc16.com\/portal\/wp-json\/wp\/v2\/media\/102524"}],"wp:attachment":[{"href":"https:\/\/tvc16.com\/portal\/wp-json\/wp\/v2\/media?parent=102523"}],"wp:term":[{"taxonomy":"category","embeddable":true,"href":"https:\/\/tvc16.com\/portal\/wp-json\/wp\/v2\/categories?post=102523"},{"taxonomy":"post_tag","embeddable":true,"href":"https:\/\/tvc16.com\/portal\/wp-json\/wp\/v2\/tags?post=102523"}],"curies":[{"name":"wp","href":"https:\/\/api.w.org\/{rel}","templated":true}]}}