{"id":102529,"date":"2025-04-14T13:56:13","date_gmt":"2025-04-14T16:56:13","guid":{"rendered":"https:\/\/tvc16.com\/portal\/?p=102529"},"modified":"2025-04-14T13:56:15","modified_gmt":"2025-04-14T16:56:15","slug":"dom-jose-maria-pereira-e-ordenado-bispo-na-manha-deste-sabado-12-na-catedral-de-petropolis","status":"publish","type":"post","link":"https:\/\/tvc16.com\/portal\/2025\/04\/14\/dom-jose-maria-pereira-e-ordenado-bispo-na-manha-deste-sabado-12-na-catedral-de-petropolis\/","title":{"rendered":"Dom Jos\u00e9 Maria Pereira \u00e9 ordenado bispo na manh\u00e3 deste s\u00e1bado (12) na Catedral de Petr\u00f3polis"},"content":{"rendered":"\n<p>Com missa presidida pelo Cardeal Dom Orani Jo\u00e3o Tempesta, Dom Jos\u00e9 Maria Pereira foi ordenado bispo na manh\u00e3 deste s\u00e1bado (12), ap\u00f3s ter sido nomeado pelo Papa Francisco como Bispo Titular de Sigus e Bispo Auxiliar da Arquidiocese de S\u00e3o Sebasti\u00e3o do Rio de Janeiro. A ordena\u00e7\u00e3o episcopal foi realizada na Catedral S\u00e3o Pedro de Alc\u00e2ntara, em Petr\u00f3polis, e contou com a presen\u00e7a de diversos fi\u00e9is, familiares, amigos e autoridades.<\/p>\n\n\n\n<p><br>Entre os presentes estavam a m\u00e3e do novo bispo, Dona Margarida Maria, seus irm\u00e3os e familiares, vindos da cidade de Nossa Senhora dos Rem\u00e9dios, em Minas Gerais.<\/p>\n\n\n\n<p><br>O ordenante principal foi o Cardeal Arcebispo do Rio, Dom Orani; os co-ordenantes foram Dom Joel Portella Amado, Bispo de Petr\u00f3polis, e Dom Gilson Andrade, Bispo de Nova Igua\u00e7u e presidente do Regional Leste 1 da CNBB. Tamb\u00e9m estiveram presentes Dom Jos\u00e9 Francisco Rezende Dias, Arcebispo de Niter\u00f3i, diversos bispos do Regional Leste 1 e de outras regi\u00f5es do Brasil, al\u00e9m de padres diocesanos e sacerdotes amigos de Dom Jos\u00e9 Maria.<\/p>\n\n\n\n<p><br>A cerim\u00f4nia contou ainda com a presen\u00e7a de autoridades civis e militares, como o prefeito de Petr\u00f3polis, Hingo Hammes, al\u00e9m de representantes da Fam\u00edlia Imperial Brasileira, Dom Francisco de Orleans e Bragan\u00e7a e Dom Manuel de Orleans e Bragan\u00e7a.<\/p>\n","protected":false},"excerpt":{"rendered":"<p>Com missa presidida pelo Cardeal Dom Orani Jo\u00e3o Tempesta, Dom Jos\u00e9 Maria Pereira foi ordenado<\/p>\n","protected":false},"author":2,"featured_media":102530,"comment_status":"open","ping_status":"open","sticky":false,"template":"","format":"standard","meta":{"footnotes":""},"categories":[12],"tags":[],"class_list":["post-102529","post","type-post","status-publish","format-standard","has-post-thumbnail","hentry","category-cidade"],"_links":{"self":[{"href":"https:\/\/tvc16.com\/portal\/wp-json\/wp\/v2\/posts\/102529","targetHints":{"allow":["GET"]}}],"collection":[{"href":"https:\/\/tvc16.com\/portal\/wp-json\/wp\/v2\/posts"}],"about":[{"href":"https:\/\/tvc16.com\/portal\/wp-json\/wp\/v2\/types\/post"}],"author":[{"embeddable":true,"href":"https:\/\/tvc16.com\/portal\/wp-json\/wp\/v2\/users\/2"}],"replies":[{"embeddable":true,"href":"https:\/\/tvc16.com\/portal\/wp-json\/wp\/v2\/comments?post=102529"}],"version-history":[{"count":1,"href":"https:\/\/tvc16.com\/portal\/wp-json\/wp\/v2\/posts\/102529\/revisions"}],"predecessor-version":[{"id":102531,"href":"https:\/\/tvc16.com\/portal\/wp-json\/wp\/v2\/posts\/102529\/revisions\/102531"}],"wp:featuredmedia":[{"embeddable":true,"href":"https:\/\/tvc16.com\/portal\/wp-json\/wp\/v2\/media\/102530"}],"wp:attachment":[{"href":"https:\/\/tvc16.com\/portal\/wp-json\/wp\/v2\/media?parent=102529"}],"wp:term":[{"taxonomy":"category","embeddable":true,"href":"https:\/\/tvc16.com\/portal\/wp-json\/wp\/v2\/categories?post=102529"},{"taxonomy":"post_tag","embeddable":true,"href":"https:\/\/tvc16.com\/portal\/wp-json\/wp\/v2\/tags?post=102529"}],"curies":[{"name":"wp","href":"https:\/\/api.w.org\/{rel}","templated":true}]}}