{"id":102537,"date":"2025-04-14T14:10:52","date_gmt":"2025-04-14T17:10:52","guid":{"rendered":"https:\/\/tvc16.com\/portal\/?p=102537"},"modified":"2025-04-14T14:10:54","modified_gmt":"2025-04-14T17:10:54","slug":"economia-brasileira-ficou-estagnada-em-fevereiro-mostra-previa-da-fgv","status":"publish","type":"post","link":"https:\/\/tvc16.com\/portal\/2025\/04\/14\/economia-brasileira-ficou-estagnada-em-fevereiro-mostra-previa-da-fgv\/","title":{"rendered":"Economia brasileira ficou estagnada em fevereiro, mostra pr\u00e9via da FGV"},"content":{"rendered":"\n<p>Quedas no consumo, agropecu\u00e1ria e exporta\u00e7\u00f5es anularam ganhos<\/p>\n\n\n\n<p><strong>A economia brasileira ficou estagnada na passagem de janeiro para fevereiro e apresenta indicadores de desacelera\u00e7\u00e3o nos \u00faltimos meses.<\/strong>&nbsp;A constata\u00e7\u00e3o faz parte do Monitor do PIB, estudo mensal elaborado pelo Instituto Brasileiro de Economia (Ibre) da FGV (Funda\u00e7\u00e3o Getulio Vargas), divulgado nesta segunda-feira (14).<img decoding=\"async\" src=\"https:\/\/agenciabrasil.ebc.com.br\/ebc.png?id=1638813&amp;o=node\"><img decoding=\"async\" src=\"https:\/\/agenciabrasil.ebc.com.br\/ebc.gif?id=1638813&amp;o=node\"><\/p>\n\n\n\n<p>O levantamento faz estimativas sobre o comportamento do Produto Interno Bruto (PIB), conjunto de todos os bens e servi\u00e7os produzidos no pa\u00eds, e serve como pr\u00e9via do dado oficial, divulgado trimestralmente pelo Instituto Brasileiro de Geografia e Estat\u00edstica (IBGE).<\/p>\n\n\n\n<p>O desempenho de fevereiro (0%) \u00e9 dessazonalizado, ou seja, foram exclu\u00eddas varia\u00e7\u00f5es causadas pela \u00e9poca do ano em que os dados foram reunidos, de forma que seja poss\u00edvel comparar per\u00edodos diferentes.<\/p>\n\n\n\n<p>J\u00e1 em compara\u00e7\u00e3o com o mesmo m\u00eas de 2024, foi identificado crescimento de 2,7%.&nbsp;<strong>No acumulado de 12 meses, houve alta de 3,1% no PIB.<\/strong><\/p>\n\n\n\n<h2 class=\"wp-block-heading\">Motivos interno e externo<\/h2>\n\n\n\n<p>A economista Juliana Trece, coordenadora do estudo, aponta que a estagna\u00e7\u00e3o em fevereiro em compara\u00e7\u00e3o a janeiro \u00e9 explicada pelo fato de os crescimentos na ind\u00fastria e nos investimentos terem sido anulados por retra\u00e7\u00f5es no consumo, na agropecu\u00e1ria e nas exporta\u00e7\u00f5es. J\u00e1 o setor de servi\u00e7os ficou estagnado no m\u00eas.<\/p>\n\n\n\n<blockquote class=\"wp-block-quote is-layout-flow wp-block-quote-is-layout-flow\">\n<p>\u201cEsses resultados mostram que, apesar de alguns destaques positivos, h\u00e1 perda de for\u00e7a na economia, com retra\u00e7\u00f5es em componentes importantes do PIB\u201d, avalia.<\/p>\n<\/blockquote>\n\n\n\n<p>No entanto, ela assinala que&nbsp;<strong>\u201capesar de um contexto desafiador, com maior incerteza externa e tend\u00eancia de aumento da taxa de juros interna, a economia brasileira n\u00e3o registrou retra\u00e7\u00e3o\u201d<\/strong>.<\/p>\n\n\n\n<p>No cen\u00e1rio externo, a principal preocupa\u00e7\u00e3o \u00e9 a guerra tarif\u00e1ria desencadeada pelo presidente americano, Donald Trump, que afeta principalmente a China, mas tamb\u00e9m prev\u00ea tarifas de importa\u00e7\u00e3o contra os demais pa\u00edses.<\/p>\n\n\n\n<p>No caso do Brasil, haver\u00e1 uma taxa m\u00ednima de 10% na maior parte dos itens exportados.&nbsp;<a href=\"https:\/\/agenciabrasil.ebc.com.br\/economia\/noticia\/2025-02\/entenda-como-a-taxacao-do-aco-e-aluminio-pelos-eua-impactar-exportacoes-do-brasil\" target=\"_blank\" rel=\"noreferrer noopener\">A\u00e7o e alum\u00ednio pagar\u00e3o 25%<\/a>. Para a China, a cobran\u00e7a supera 100%, medida que foi espelhada pelo governo chin\u00eas.&nbsp;<\/p>\n\n\n\n<h2 class=\"wp-block-heading\">Combate \u00e0 infla\u00e7\u00e3o<\/h2>\n\n\n\n<p>No cen\u00e1rio interno, o Comit\u00ea de Pol\u00edtica Monet\u00e1ria (Copom) do Brasil Central (BC) prossegue, desde setembro,&nbsp;<a href=\"https:\/\/agenciabrasil.ebc.com.br\/economia\/noticia\/2025-03\/copom-eleva-juros-basicos-da-economia-para-1425-ao-ano#\" target=\"_blank\" rel=\"noreferrer noopener\">em trajet\u00f3ria de eleva\u00e7\u00e3o da taxa b\u00e1sica de juros<\/a>, a Selic, na tentativa de conter a infla\u00e7\u00e3o.&nbsp;Al\u00e9m da alta em mar\u00e7o, o Copom sinalizou que elevar\u00e1 a taxa \u201cem menor magnitude\u201d na reuni\u00e3o de maio. O comit\u00ea se re\u00fane a&nbsp;cada 45 dias para deliberar sobre a taxa.<\/p>\n\n\n\n<p>Em 12 meses, a infla\u00e7\u00e3o medida pelo \u00cdndice Nacional de Pre\u00e7os ao Consumidor Amplo (IPCA), divulgado na \u00faltima sexta-feira (11) pelo IBGE,&nbsp;<a href=\"https:\/\/agenciabrasil.ebc.com.br\/economia\/noticia\/2025-04\/inflacao-desacelera-e-fecha-marco-em-056-pressionada-por-alimentos\" target=\"_blank\" rel=\"noreferrer noopener\">acumula 5,48%<\/a>, acima do teto da meta do governo \u2500 de 4,5%, j\u00e1 contando 1,5 ponto percentual (p.p.) de toler\u00e2ncia. \u00c9 tamb\u00e9m o maior patamar desde fevereiro de 2023, quando chegou a 5,60%.<\/p>\n\n\n\n<p>Com juros mais altos, o cr\u00e9dito fica mais caro, consumidores tendem a gastar menos; e empres\u00e1rios, a conter investimentos.&nbsp;O resultado \u00e9 o desaquecimento da economia, o que se prop\u00f5e a ser um freio na infla\u00e7\u00e3o.<\/p>\n\n\n\n<h2 class=\"wp-block-heading\">Setores<\/h2>\n\n\n\n<p>No per\u00edodo terminado em fevereiro,&nbsp;<strong>o consumo das fam\u00edlias cresceu 2,7% com rela\u00e7\u00e3o ao mesmo per\u00edodo do ano anterior.<\/strong>&nbsp;No trimestre m\u00f3vel encerrado em novembro, a alta tinha sido de 4,8%.<\/p>\n\n\n\n<p>A Forma\u00e7\u00e3o Bruta de Capital Fixo (FBCF), indicador que representa o apetite dos empres\u00e1rios por investimentos, teve alta de&nbsp;8,2% no trimestre m\u00f3vel encerrado em fevereiro, perdendo for\u00e7a em rela\u00e7\u00e3o ao per\u00edodo anterior. Em setembro, outubro e&nbsp;novembro de 2024, a expans\u00e3o tinha sido de 10%.<\/p>\n\n\n\n<p><strong>As exporta\u00e7\u00f5es terminaram fevereiro com recuo de 2,8% no acumulado de 12 meses.<\/strong>&nbsp;Em novembro havia sido registrada alta de 2,7%. O desempenho negativo das exporta\u00e7\u00f5es dos produtos agropecu\u00e1rios e da ind\u00fastria extrativa mineral foi o principal fator respons\u00e1vel pela retra\u00e7\u00e3o.<\/p>\n\n\n\n<p>Em termos monet\u00e1rios, a FGV calcula o PIB do pa\u00eds em R$ 2,203 trilh\u00f5es.<\/p>\n\n\n\n<h2 class=\"wp-block-heading\">Resultado oficial<\/h2>\n\n\n\n<p>O Monitor do PIB \u00e9 um dos estudos que servem como term\u00f4metro da economia brasileira. Outro levantamento \u00e9&nbsp;<a href=\"https:\/\/agenciabrasil.ebc.com.br\/economia\/noticia\/2025-04\/atividade-economica-brasileira-cresce-04-em-fevereiro\" target=\"_blank\" rel=\"noreferrer noopener\">o \u00cdndice de Atividade Econ\u00f4mica do Banco Central (IBC-Br)<\/a>, divulgado na \u00faltima sexta-feira (11), que apontou expans\u00e3o de 0,4% na passagem de janeiro para fevereiro e de 3,8% em 12 meses.<\/p>\n\n\n\n<p>O resultado oficial do PIB \u00e9 apresentado trimestralmente pelo Instituto Brasileiro de Geografia e Estat\u00edstica (IBGE). Marcada para 30 de maio, a&nbsp;pr\u00f3xima divulga\u00e7\u00e3o trar\u00e1 os dados do&nbsp;primeiro trimestre de 2025.<\/p>\n","protected":false},"excerpt":{"rendered":"<p>Quedas no consumo, agropecu\u00e1ria e exporta\u00e7\u00f5es anularam ganhos A economia brasileira ficou estagnada na passagem<\/p>\n","protected":false},"author":2,"featured_media":99320,"comment_status":"open","ping_status":"open","sticky":false,"template":"","format":"standard","meta":{"footnotes":""},"categories":[17],"tags":[],"class_list":["post-102537","post","type-post","status-publish","format-standard","has-post-thumbnail","hentry","category-outras-noticias"],"_links":{"self":[{"href":"https:\/\/tvc16.com\/portal\/wp-json\/wp\/v2\/posts\/102537","targetHints":{"allow":["GET"]}}],"collection":[{"href":"https:\/\/tvc16.com\/portal\/wp-json\/wp\/v2\/posts"}],"about":[{"href":"https:\/\/tvc16.com\/portal\/wp-json\/wp\/v2\/types\/post"}],"author":[{"embeddable":true,"href":"https:\/\/tvc16.com\/portal\/wp-json\/wp\/v2\/users\/2"}],"replies":[{"embeddable":true,"href":"https:\/\/tvc16.com\/portal\/wp-json\/wp\/v2\/comments?post=102537"}],"version-history":[{"count":1,"href":"https:\/\/tvc16.com\/portal\/wp-json\/wp\/v2\/posts\/102537\/revisions"}],"predecessor-version":[{"id":102538,"href":"https:\/\/tvc16.com\/portal\/wp-json\/wp\/v2\/posts\/102537\/revisions\/102538"}],"wp:featuredmedia":[{"embeddable":true,"href":"https:\/\/tvc16.com\/portal\/wp-json\/wp\/v2\/media\/99320"}],"wp:attachment":[{"href":"https:\/\/tvc16.com\/portal\/wp-json\/wp\/v2\/media?parent=102537"}],"wp:term":[{"taxonomy":"category","embeddable":true,"href":"https:\/\/tvc16.com\/portal\/wp-json\/wp\/v2\/categories?post=102537"},{"taxonomy":"post_tag","embeddable":true,"href":"https:\/\/tvc16.com\/portal\/wp-json\/wp\/v2\/tags?post=102537"}],"curies":[{"name":"wp","href":"https:\/\/api.w.org\/{rel}","templated":true}]}}