{"id":10254,"date":"2021-02-11T13:07:21","date_gmt":"2021-02-11T16:07:21","guid":{"rendered":"https:\/\/tvc16.com\/portal\/?p=10254"},"modified":"2021-02-11T13:07:23","modified_gmt":"2021-02-11T16:07:23","slug":"taxa-de-combate-a-incendio-cobrada-pelo-estado-do-rio-de-janeiro-e-considerada-inconstitucional-pela-justica","status":"publish","type":"post","link":"https:\/\/tvc16.com\/portal\/2021\/02\/11\/taxa-de-combate-a-incendio-cobrada-pelo-estado-do-rio-de-janeiro-e-considerada-inconstitucional-pela-justica\/","title":{"rendered":"Taxa de combate a inc\u00eandio cobrada pelo Estado do Rio de Janeiro \u00e9 considerada inconstitucional pela justi\u00e7a"},"content":{"rendered":"\n<p>Em decis\u00e3o proferida pela desembargadora Myriam Medeiros da Fonseca Costa, atrav\u00e9s do Poder Judici\u00e1rio do Estado do Rio de Janeiro da Quarta C\u00e2mara C\u00edvel, a taxa de combate a inc\u00eandio institu\u00edda e cobrada pelo Estado do Rio de Janeiro (FUNESBOM), foi considerada inconstitucional. Apesar disso, a popula\u00e7\u00e3o n\u00e3o pode parar de pagar a taxa deliberadamente. De acordo com advogados, \u00e9 necess\u00e1rio que se entre com um recurso na justi\u00e7a solicitando a paralisa\u00e7\u00e3o da cobran\u00e7a. Caso contr\u00e1rio o contribuinte ficar\u00e1 em d\u00e9bito com o Estado.<\/p>\n\n\n\n<p>O documento enfatiza ainda que: \u201cN\u00e3o compete aos munic\u00edpios a cria\u00e7\u00e3o de taxa de inc\u00eandio, por absoluta aus\u00eancia de compet\u00eancia administrativa para tanto. Acordam, por unanimidade, os desembargadores que integram a Quarta C\u00e2mara C\u00edvel do Tribunal de Justi\u00e7a do Estado do Rio de Janeiro, em negar provimento ao recurso, nos termos do voto da Relatora. A taxa anual de seguran\u00e7a contra inc\u00eandio tem como fato gerador a presta\u00e7\u00e3o de atividade essencial geral e indivis\u00edvel pelo corpo de bombeiros, sendo de utilidade gen\u00e9rica, devendo ser custeada pela receita dos impostos\u201d, diz a decis\u00e3o.<\/p>\n","protected":false},"excerpt":{"rendered":"<p>Em decis\u00e3o proferida pela desembargadora Myriam Medeiros da Fonseca Costa, atrav\u00e9s do Poder Judici\u00e1rio do<\/p>\n","protected":false},"author":2,"featured_media":10255,"comment_status":"open","ping_status":"open","sticky":false,"template":"","format":"standard","meta":{"footnotes":""},"categories":[12],"tags":[],"class_list":["post-10254","post","type-post","status-publish","format-standard","has-post-thumbnail","hentry","category-cidade"],"_links":{"self":[{"href":"https:\/\/tvc16.com\/portal\/wp-json\/wp\/v2\/posts\/10254","targetHints":{"allow":["GET"]}}],"collection":[{"href":"https:\/\/tvc16.com\/portal\/wp-json\/wp\/v2\/posts"}],"about":[{"href":"https:\/\/tvc16.com\/portal\/wp-json\/wp\/v2\/types\/post"}],"author":[{"embeddable":true,"href":"https:\/\/tvc16.com\/portal\/wp-json\/wp\/v2\/users\/2"}],"replies":[{"embeddable":true,"href":"https:\/\/tvc16.com\/portal\/wp-json\/wp\/v2\/comments?post=10254"}],"version-history":[{"count":1,"href":"https:\/\/tvc16.com\/portal\/wp-json\/wp\/v2\/posts\/10254\/revisions"}],"predecessor-version":[{"id":10256,"href":"https:\/\/tvc16.com\/portal\/wp-json\/wp\/v2\/posts\/10254\/revisions\/10256"}],"wp:featuredmedia":[{"embeddable":true,"href":"https:\/\/tvc16.com\/portal\/wp-json\/wp\/v2\/media\/10255"}],"wp:attachment":[{"href":"https:\/\/tvc16.com\/portal\/wp-json\/wp\/v2\/media?parent=10254"}],"wp:term":[{"taxonomy":"category","embeddable":true,"href":"https:\/\/tvc16.com\/portal\/wp-json\/wp\/v2\/categories?post=10254"},{"taxonomy":"post_tag","embeddable":true,"href":"https:\/\/tvc16.com\/portal\/wp-json\/wp\/v2\/tags?post=10254"}],"curies":[{"name":"wp","href":"https:\/\/api.w.org\/{rel}","templated":true}]}}