{"id":102542,"date":"2025-04-15T07:00:00","date_gmt":"2025-04-15T10:00:00","guid":{"rendered":"https:\/\/tvc16.com\/portal\/?p=102542"},"modified":"2025-04-14T14:23:31","modified_gmt":"2025-04-14T17:23:31","slug":"prefeitura-apresenta-acoes-de-protecao-ambiental-durante-abertura-da-temporada-de-montanhismo-de-petropolis","status":"publish","type":"post","link":"https:\/\/tvc16.com\/portal\/2025\/04\/15\/prefeitura-apresenta-acoes-de-protecao-ambiental-durante-abertura-da-temporada-de-montanhismo-de-petropolis\/","title":{"rendered":"Prefeitura apresenta a\u00e7\u00f5es de prote\u00e7\u00e3o ambiental durante abertura da Temporada de Montanhismo de Petr\u00f3polis"},"content":{"rendered":"\n<p>A Secretaria de Meio Ambiente da Prefeitura de Petr\u00f3polis participou da 8\u00aa edi\u00e7\u00e3o da abertura da Temporada de Montanhismo de Petr\u00f3polis (ATM 2025), realizada em dois dias na Pra\u00e7a Visconde de Mau\u00e1 (Pra\u00e7a da \u00c1guia) e no Centro de Cultura Raul de Leoni. O evento reuniu a\u00e7\u00f5es esportivas, culturais e de educa\u00e7\u00e3o ambiental com o objetivo de incentivar a pr\u00e1tica do montanhismo na cidade.<\/p>\n\n\n\n<p>Durante a programa\u00e7\u00e3o, a secretaria promoveu uma roda de conversa sobre os aparelhos de prote\u00e7\u00e3o ambiental de Petr\u00f3polis, com a participa\u00e7\u00e3o de Julia Horta, Thaisa Carvalho e Edson Gon\u00e7alves. Entre os principais instrumentos de conserva\u00e7\u00e3o apresentados est\u00e3o o Parque Natural Municipal Padre Quinha, a Floresta Municipal Quarteir\u00e3o Italiano, o Monumento Natural da Pedra do Elefante, al\u00e9m das trilhas ecol\u00f3gicas como a do Cobi\u00e7ado, Ventania, Pedra do Quitandinha, Pedra do Corti\u00e7o, Seio de V\u00eanus, Castelhinho e outras inseridas em \u00e1reas protegidas sob gest\u00e3o municipal.<\/p>\n\n\n\n<p>Al\u00e9m da roda de conversa, a Secretaria de Meio Ambiente montou um estande voltado \u00e0 divulga\u00e7\u00e3o de suas atividades, com pain\u00e9is informativos sobre educa\u00e7\u00e3o ambiental, unidades de conserva\u00e7\u00e3o e a\u00e7\u00f5es de sensibiliza\u00e7\u00e3o desenvolvidas nas escolas e em espa\u00e7os p\u00fablicos da cidade.<\/p>\n\n\n\n<p>\u201cO montanhismo faz parte da identidade de Petr\u00f3polis, e eventos como esse mostram a for\u00e7a da cidade na promo\u00e7\u00e3o do esporte aliado \u00e0 prote\u00e7\u00e3o dos nossos recursos naturais. A ATM \u00e9 uma oportunidade para fortalecer a conscientiza\u00e7\u00e3o e aproximar a popula\u00e7\u00e3o das nossas trilhas e unidades de conserva\u00e7\u00e3o\u201d, declarou o prefeito Hingo Hammes, que tem por forma\u00e7\u00e3o a Educa\u00e7\u00e3o F\u00edsica.<\/p>\n\n\n\n<p>\u201cO montanhismo \u00e9 um instrumento importante para a educa\u00e7\u00e3o ambiental e a valoriza\u00e7\u00e3o dos territ\u00f3rios naturais. A participa\u00e7\u00e3o da Secretaria \u00e9 essencial para dialogar com os praticantes sobre o papel das trilhas, das unidades de conserva\u00e7\u00e3o e do trabalho cont\u00ednuo que realizamos para garantir o acesso sustent\u00e1vel a esses espa\u00e7os\u201d, afirmou o vice-prefeito e secret\u00e1rio de Meio Ambiente, Albano Filho (Baninho).<\/p>\n\n\n\n<p>A ATM 2025 Petr\u00f3polis foi promovida pelo Centro Excursionista Petropolitano (CEP) e pelo projeto Expedi\u00e7\u00f5es, do Centro Federal de Educa\u00e7\u00e3o Tecnol\u00f3gica Celso Suckow da Fonseca \u2013 CEFET\/RJ \u2013 Unidade Petr\u00f3polis. O evento ainda contou com o apoio da Prefeitura de Petr\u00f3polis, por meio das secretarias de Esporte, Meio Ambiente, Turismo e do Instituto Municipal de Cultura \u2013 IMC.<\/p>\n\n\n\n<p>Outros apoiadores da iniciativa foram o Instituto Estadual do Ambiente (INEA), o Instituto Chico Mendes de Conserva\u00e7\u00e3o da Biodiversidade (ICMBio), o Corpo de Bombeiros Militar do Estado do Rio de Janeiro (CBMERJ), escoteiros e empres\u00e1rios do setor de esportes de aventura e seguran\u00e7a em altura.<\/p>\n","protected":false},"excerpt":{"rendered":"<p>A Secretaria de Meio Ambiente da Prefeitura de Petr\u00f3polis participou da 8\u00aa edi\u00e7\u00e3o da abertura<\/p>\n","protected":false},"author":2,"featured_media":102543,"comment_status":"open","ping_status":"open","sticky":false,"template":"","format":"standard","meta":{"footnotes":""},"categories":[12],"tags":[],"class_list":["post-102542","post","type-post","status-publish","format-standard","has-post-thumbnail","hentry","category-cidade"],"_links":{"self":[{"href":"https:\/\/tvc16.com\/portal\/wp-json\/wp\/v2\/posts\/102542","targetHints":{"allow":["GET"]}}],"collection":[{"href":"https:\/\/tvc16.com\/portal\/wp-json\/wp\/v2\/posts"}],"about":[{"href":"https:\/\/tvc16.com\/portal\/wp-json\/wp\/v2\/types\/post"}],"author":[{"embeddable":true,"href":"https:\/\/tvc16.com\/portal\/wp-json\/wp\/v2\/users\/2"}],"replies":[{"embeddable":true,"href":"https:\/\/tvc16.com\/portal\/wp-json\/wp\/v2\/comments?post=102542"}],"version-history":[{"count":1,"href":"https:\/\/tvc16.com\/portal\/wp-json\/wp\/v2\/posts\/102542\/revisions"}],"predecessor-version":[{"id":102544,"href":"https:\/\/tvc16.com\/portal\/wp-json\/wp\/v2\/posts\/102542\/revisions\/102544"}],"wp:featuredmedia":[{"embeddable":true,"href":"https:\/\/tvc16.com\/portal\/wp-json\/wp\/v2\/media\/102543"}],"wp:attachment":[{"href":"https:\/\/tvc16.com\/portal\/wp-json\/wp\/v2\/media?parent=102542"}],"wp:term":[{"taxonomy":"category","embeddable":true,"href":"https:\/\/tvc16.com\/portal\/wp-json\/wp\/v2\/categories?post=102542"},{"taxonomy":"post_tag","embeddable":true,"href":"https:\/\/tvc16.com\/portal\/wp-json\/wp\/v2\/tags?post=102542"}],"curies":[{"name":"wp","href":"https:\/\/api.w.org\/{rel}","templated":true}]}}