{"id":102565,"date":"2025-04-15T09:07:48","date_gmt":"2025-04-15T12:07:48","guid":{"rendered":"https:\/\/tvc16.com\/portal\/?p=102565"},"modified":"2025-04-15T09:07:50","modified_gmt":"2025-04-15T12:07:50","slug":"caixa-libera-abono-salarial-para-nascidos-em-marco-e-abril","status":"publish","type":"post","link":"https:\/\/tvc16.com\/portal\/2025\/04\/15\/caixa-libera-abono-salarial-para-nascidos-em-marco-e-abril\/","title":{"rendered":"Caixa libera abono salarial para nascidos em mar\u00e7o e abril"},"content":{"rendered":"\n<p><em>Calend\u00e1rio de pagamento segue m\u00eas de nascimento<\/em><\/p>\n\n\n\n<p>Por Wellton M\u00e1ximo \u2013 Rep\u00f3rter da Ag\u00eancia Brasil \/ Foto: Marcelo Camargo\/Ag\u00eancia Brasil<\/p>\n\n\n\n<p><\/p>\n\n\n\n<p>Cerca de 3,8 milh\u00f5es de trabalhadores com carteira assinada nascidos em mar\u00e7o e abril e que ganham at\u00e9 dois sal\u00e1rios m\u00ednimos podem sacar, a partir desta ter\u00e7a-feira (15), o valor do abono salarial do Programa de Integra\u00e7\u00e3o Social (PIS) e do Programa de Forma\u00e7\u00e3o do Patrim\u00f4nio do Servidor P\u00fablico (Pasep) em 2025 (ano-base 2023).&nbsp;<strong>A quantia est\u00e1 dispon\u00edvel no aplicativo da&nbsp;<a href=\"https:\/\/www.gov.br\/pt-br\/temas\/carteira-de-trabalho-digital\" target=\"_blank\" rel=\"noreferrer noopener\">Carteira de Trabalho Digital<\/a>&nbsp;e no&nbsp;<a href=\"https:\/\/www.gov.br\/pt-br\" target=\"_blank\" rel=\"noreferrer noopener\">Portal Gov.br<\/a>.<\/strong><img decoding=\"async\" src=\"https:\/\/agenciabrasil.ebc.com.br\/ebc.png?id=1638835&amp;o=node\"><img decoding=\"async\" src=\"https:\/\/agenciabrasil.ebc.com.br\/ebc.gif?id=1638835&amp;o=node\"><\/p>\n\n\n\n<p>Ao todo, a Caixa Econ\u00f4mica Federal liberar\u00e1 pouco mais de R$ 4,5 bilh\u00f5es neste m\u00eas. Aprovado no fim do ano passado, o<a href=\"http:\/\/%3Chttps\/\/agenciabrasil.ebc.com.br\/economia\/noticia\/2024-12\/governo-aprova-calendario-do-pagamento-do-abono-salarial-2025%3E\" target=\"_blank\" rel=\"noreferrer noopener\">&nbsp;calend\u00e1rio de libera\u00e7\u00f5es<\/a>&nbsp;segue o m\u00eas de nascimento do trabalhador . Os pagamentos come\u00e7aram em 17 de fevereiro e v\u00e3o at\u00e9 15 de agosto.<\/p>\n\n\n\n<p><strong>Neste ano, R$ 30,7 bilh\u00f5es poder\u00e3o ser sacados<\/strong>. Segundo o Conselho Deliberativo do Fundo de Amparo ao Trabalhador (Codefat), o abono salarial de 2025 ser\u00e1 pago a 25,8 milh\u00f5es de trabalhadores em todo o pa\u00eds. Desse total, cerca de 22 milh\u00f5es que trabalham na iniciativa privada receber\u00e3o o PIS e 3,8 milh\u00f5es de servidores p\u00fablicos, empregados de estatais e militares t\u00eam direito ao Pasep.<\/p>\n\n\n\n<p><strong>O PIS \u00e9 pago pela Caixa Econ\u00f4mica Federal; e o Pasep, pelo Banco do Brasil.&nbsp;<\/strong>Como ocorre tradicionalmente, os pagamentos ser\u00e3o divididos em seis lotes, baseados no m\u00eas de nascimento. O saque iniciar\u00e1 nas datas de libera\u00e7\u00e3o dos lotes e acabar\u00e3o em 29 de dezembro de 2025. Ap\u00f3s esse prazo, ser\u00e1 necess\u00e1rio aguardar convoca\u00e7\u00e3o especial do Minist\u00e9rio do Trabalho.<\/p>\n\n\n\n<figure class=\"wp-block-table\"><table class=\"has-fixed-layout\"><tbody><tr><td><strong>Nascidos em<\/strong><\/td><td><strong>Recebem a partir de<\/strong><\/td><\/tr><tr><td>Janeiro<\/td><td>17 de fevereiro<\/td><\/tr><tr><td>Fevereiro<\/td><td>17 de mar\u00e7o<\/td><\/tr><tr><td>Mar\u00e7o e Abril<\/td><td>15 de abril<\/td><\/tr><tr><td>Maio e Junho<\/td><td>15 de maio<\/td><\/tr><tr><td>Julho e Agosto<\/td><td>16 de junho<\/td><\/tr><tr><td>Setembro e Outubro<\/td><td>15 de julho<\/td><\/tr><tr><td>Novembro e Dezembro<\/td><td>15 de agosto<\/td><\/tr><\/tbody><\/table><\/figure>\n\n\n\n<h2 class=\"wp-block-heading\">Quem tem direito<\/h2>\n\n\n\n<p><strong>Tem direito ao benef\u00edcio o trabalhador inscrito no PIS\/Pasep h\u00e1, pelo menos, cinco anos, e que tenha trabalhado formalmente por, no m\u00ednimo, 30 dias no ano-base considerado para a apura\u00e7\u00e3o, com remunera\u00e7\u00e3o mensal m\u00e9dia de at\u00e9 dois sal\u00e1rios m\u00ednimos.&nbsp;<\/strong>Tamb\u00e9m \u00e9 necess\u00e1rio que os dados tenham sido informados corretamente pelo empregador na Rela\u00e7\u00e3o Anual de Informa\u00e7\u00f5es Sociais (Rais).<\/p>\n\n\n\n<p><strong>O valor do abono \u00e9 proporcional ao per\u00edodo em que o empregado trabalhou com carteira assinada em 2023<\/strong>. Cada m\u00eas trabalhado equivale a um benef\u00edcio de R$ 126,50, com per\u00edodos iguais ou superiores a 15 dias contados como m\u00eas cheio. Quem trabalhou 12 meses com carteira assinada receber\u00e1 o sal\u00e1rio m\u00ednimo cheio, de R$ 1.518.<\/p>\n\n\n\n<h2 class=\"wp-block-heading\">Pagamento<\/h2>\n\n\n\n<p><strong>Trabalhadores da iniciativa privada com conta corrente ou poupan\u00e7a na Caixa receber\u00e3o o cr\u00e9dito automaticamente no banco, de acordo com o m\u00eas de seu nascimento.<\/strong><\/p>\n\n\n\n<p><strong>Os demais benefici\u00e1rios receber\u00e3o os valores por meio da poupan\u00e7a social digital, que pode ser movimentada pelo aplicativo Caixa Tem<\/strong>. Caso n\u00e3o seja poss\u00edvel a abertura da conta digital, o saque poder\u00e1 ser realizado com o Cart\u00e3o do Cidad\u00e3o e senha nos terminais de autoatendimento, unidades lot\u00e9ricas, Caixa Aqui ou ag\u00eancias, tamb\u00e9m de acordo com o calend\u00e1rio de pagamento escalonado por m\u00eas de nascimento.<\/p>\n\n\n\n<p><strong>O pagamento do abono do Pasep ocorre via cr\u00e9dito em conta para quem \u00e9 correntista ou tem poupan\u00e7a no Banco do Brasil<\/strong>. O trabalhador que n\u00e3o \u00e9 correntista do BB pode efetuar a transfer\u00eancia via TED para conta de sua titularidade via terminais de autoatendimento e&nbsp;<a href=\"http:\/\/www.bb.com.br\/pasep\" target=\"_blank\" rel=\"noreferrer noopener\">portal&nbsp;<\/a>ou no guich\u00ea de caixa das ag\u00eancias, mediante apresenta\u00e7\u00e3o de documento oficial de identidade.<\/p>\n\n\n\n<p><strong>At\u00e9 2020, o abono salarial do ano anterior era pago de julho do ano corrente a junho do ano seguinte. No in\u00edcio de 2021, o Codefat atendeu a recomenda\u00e7\u00e3o da Controladoria-Geral da Uni\u00e3o (CGU) e passou a depositar o&nbsp;<a href=\"https:\/\/agenciabrasil.ebc.com.br\/economia\/noticia\/2021-03\/pagamento-do-abono-salarial-de-2020-e-adiado-para-2022\" target=\"_blank\" rel=\"noreferrer noopener\">dinheiro<\/a>&nbsp;somente dois anos ap\u00f3s o trabalho com carteira assinada.<\/strong><\/p>\n\n\n<div class=\"wp-block-image\">\n<figure class=\"aligncenter is-resized\"><img decoding=\"async\" src=\"https:\/\/imagens.ebc.com.br\/JHCmwcG9EW2ZA2jxrfLC_WGX2cA=\/754x0\/smart\/https:\/\/agenciabrasil.ebc.com.br\/sites\/default\/files\/thumbnails\/image\/abono-salarial.png?itok=OyyyUktW\" alt=\"arte abono salarial\" style=\"width:605px;height:auto\" title=\"Arte\/Ag\u00eancia Brasil\"\/><\/figure>\n<\/div>\n\n\n<p><br><\/p>\n","protected":false},"excerpt":{"rendered":"<p>Calend\u00e1rio de pagamento segue m\u00eas de nascimento Por Wellton M\u00e1ximo \u2013 Rep\u00f3rter da Ag\u00eancia Brasil<\/p>\n","protected":false},"author":2,"featured_media":102566,"comment_status":"open","ping_status":"open","sticky":false,"template":"","format":"standard","meta":{"footnotes":""},"categories":[17],"tags":[],"class_list":["post-102565","post","type-post","status-publish","format-standard","has-post-thumbnail","hentry","category-outras-noticias"],"_links":{"self":[{"href":"https:\/\/tvc16.com\/portal\/wp-json\/wp\/v2\/posts\/102565","targetHints":{"allow":["GET"]}}],"collection":[{"href":"https:\/\/tvc16.com\/portal\/wp-json\/wp\/v2\/posts"}],"about":[{"href":"https:\/\/tvc16.com\/portal\/wp-json\/wp\/v2\/types\/post"}],"author":[{"embeddable":true,"href":"https:\/\/tvc16.com\/portal\/wp-json\/wp\/v2\/users\/2"}],"replies":[{"embeddable":true,"href":"https:\/\/tvc16.com\/portal\/wp-json\/wp\/v2\/comments?post=102565"}],"version-history":[{"count":1,"href":"https:\/\/tvc16.com\/portal\/wp-json\/wp\/v2\/posts\/102565\/revisions"}],"predecessor-version":[{"id":102567,"href":"https:\/\/tvc16.com\/portal\/wp-json\/wp\/v2\/posts\/102565\/revisions\/102567"}],"wp:featuredmedia":[{"embeddable":true,"href":"https:\/\/tvc16.com\/portal\/wp-json\/wp\/v2\/media\/102566"}],"wp:attachment":[{"href":"https:\/\/tvc16.com\/portal\/wp-json\/wp\/v2\/media?parent=102565"}],"wp:term":[{"taxonomy":"category","embeddable":true,"href":"https:\/\/tvc16.com\/portal\/wp-json\/wp\/v2\/categories?post=102565"},{"taxonomy":"post_tag","embeddable":true,"href":"https:\/\/tvc16.com\/portal\/wp-json\/wp\/v2\/tags?post=102565"}],"curies":[{"name":"wp","href":"https:\/\/api.w.org\/{rel}","templated":true}]}}