{"id":102577,"date":"2025-04-15T09:16:45","date_gmt":"2025-04-15T12:16:45","guid":{"rendered":"https:\/\/tvc16.com\/portal\/?p=102577"},"modified":"2025-04-15T09:16:47","modified_gmt":"2025-04-15T12:16:47","slug":"desafio-do-desodorante-policia-do-df-apura-morte-de-menina-de-8-anos","status":"publish","type":"post","link":"https:\/\/tvc16.com\/portal\/2025\/04\/15\/desafio-do-desodorante-policia-do-df-apura-morte-de-menina-de-8-anos\/","title":{"rendered":"Desafio do Desodorante: pol\u00edcia do DF apura morte de menina de 8 anos"},"content":{"rendered":"\n<p><em>Crian\u00e7a teria inalado produto imitando v\u00eddeos nas redes sociais<\/em><\/p>\n\n\n\n<p>Por Alex Rodrigues &#8211; Rep\u00f3rter da Ag\u00eancia Brasil \/ Foto: PCDF<\/p>\n\n\n\n<p><\/p>\n\n\n\n<p>A Pol\u00edcia Civil do Distrito Federal instaurou inqu\u00e9rito para investigar as circunst\u00e2ncias da morte de uma menina de 8 anos, em Ceil\u00e2ndia (DF).&nbsp;<strong>A&nbsp;fam\u00edlia afirma que ela participou&nbsp;de um desafio compartilhado pelas redes sociais, chamado&nbsp;<em>Desafio do Desodorante<\/em>.<\/strong><img decoding=\"async\" src=\"https:\/\/agenciabrasil.ebc.com.br\/ebc.png?id=1638837&amp;o=node\"><img decoding=\"async\" src=\"https:\/\/agenciabrasil.ebc.com.br\/ebc.gif?id=1638837&amp;o=node\"><\/p>\n\n\n\n<p>Sarah Ra\u00edssa Pereira de Castro estava internada no Hospital Regional de Ceil\u00e2ndia (HRC) desde a \u00faltima quinta-feira (10) e morreu no \u00faltimo&nbsp;domingo (13). Segundo a Pol\u00edcia Civil, a garota foi encontrada em sua casa, desmaiada, segurando um frasco de desodorante aerossol.<\/p>\n\n\n\n<p><strong>A suspeita \u00e9 que a menina tenha inalado o produto ap\u00f3s assistir a uma esp\u00e9cie de prova, o Desafio do Desodorante, na rede social&nbsp;<em>Tik Tok<\/em>.<\/strong><\/p>\n\n\n\n<p>\u201cO epis\u00f3dio resultou em uma parada cardiorrespirat\u00f3ria, sendo a v\u00edtima reanimada ap\u00f3s cerca de 60 minutos, por\u00e9m sem apresentar reflexos neurol\u00f3gicos, o que culminou na constata\u00e7\u00e3o de morte cerebral\u201d, detalhou a Pol\u00edcia Civil, explicando que parentes de Brenda a levaram \u00e0s pressas ao hospital.<\/p>\n\n\n\n<p>Com a instaura\u00e7\u00e3o do inqu\u00e9rito policial,&nbsp;<strong>a 15\u00aa Delegacia de Pol\u00edcia do Distrito Federal vai tentar esclarecer se e como Sarah teve acesso \u00e0 divulga\u00e7\u00e3o do desafio e identificar os eventuais respons\u00e1veis por sua publica\u00e7\u00e3o<\/strong>.<\/p>\n\n\n\n<p>\u201cOs envolvidos poder\u00e3o responder por homic\u00eddio duplamente qualificado (por emprego de meio capaz de causar perigo comum e por se tratar de v\u00edtima menor de 14 anos), crime cuja pena pode chegar a 30 anos de reclus\u00e3o\u201d, acrescentou a Pol\u00edcia Civil, na mesma nota.<\/p>\n\n\n\n<h2 class=\"wp-block-heading\">Segundo caso<\/h2>\n\n\n\n<p>A morte de Sarah \u00e9 a segunda de uma crian\u00e7a brasileira associada \u00e0 divulga\u00e7\u00e3o do chamado Desafio do Desodorante em apenas um m\u00eas. Em 9 de mar\u00e7o, Brenda Sophia Melo de Santana, de 11 anos, faleceu no Hospital Municipal Dr. Miguel Arraes, em Bom Jardim (PE), a cerca de 100 quil\u00f4metros de Recife.&nbsp;<\/p>\n\n\n\n<p>Segundo a prefeitura de Bom Jardim, a m\u00e3e de Brenda encontrou a filha quase desfalecida e a levou \u00e0s pressas para o hospital. No trajeto, a menina sofreu uma parada cardiorrespirat\u00f3ria e desmaiou. J\u00e1 na unidade de sa\u00fade, profissionais a submeteram ao protocolo de anima\u00e7\u00e3o por quase 40 minutos, mas Brenda n\u00e3o resistiu.<\/p>\n\n\n\n<p><strong>De acordo com a prefeitura de Bom Jardim, parentes de Brenda afirmaram que a menina tinha o h\u00e1bito de inalar desodorante, tendo sido advertida v\u00e1rias vezes.<\/strong>&nbsp;A prefeitura ainda alertou para a import\u00e2ncia dos respons\u00e1veis orientarem as crian\u00e7as sobre os riscos do uso inadequado de subst\u00e2ncias qu\u00edmicas e produtos dom\u00e9sticos, \u201cbem como sobre os perigos relacionados ao uso de smartphones, internet e redes sociais, especialmente em desafios virtuais que podem comprometer a sa\u00fade e a vida dos jovens.\u201d<\/p>\n\n\n\n<h2 class=\"wp-block-heading\">Risco grave<\/h2>\n\n\n\n<p>M\u00e9dica assistente do Centro de Informa\u00e7\u00e3o e Assist\u00eancia Toxicol\u00f3gica (CIATox), da Faculdade de Ci\u00eancias M\u00e9dicas da Universidade de Campinas (Unicamp), a pediatra Camila Carbone Prado explicou \u00e0<strong>&nbsp;Ag\u00eancia Brasil<\/strong>&nbsp;que a inala\u00e7\u00e3o indevida de produtos qu\u00edmicos, entre eles, os desodorantes, podem causar quadros muito graves, que podem ou n\u00e3o resultar na morte das v\u00edtimas.<\/p>\n\n\n\n<p>\u201cPodem acontecer v\u00e1rias coisas com a pessoa. Desde arritmias card\u00edacas causadas pela inala\u00e7\u00e3o de alguns dos gases [t\u00f3xicos] existentes nestes produtos, como o butano, que podem resultar em uma parada card\u00edaca; a asfixia, que afeta o c\u00e9rebro, comprometendo os neur\u00f4nios, at\u00e9, no limite, a morte\u201d, comentou a m\u00e9dica, acrescentando que o uso indevido dos desodorantes spray tamb\u00e9m podem afetar os pulm\u00f5es de diferentes e graves formas.<\/p>\n\n\n\n<p>Em uma r\u00e1pida pesquisa na internet, a reportagem encontrou men\u00e7\u00f5es ao Desafio dos Desodorantes que remonta a, pelo menos, 2018.<\/p>\n\n\n\n<blockquote class=\"wp-block-quote is-layout-flow wp-block-quote-is-layout-flow\">\n<p>\u201cElas parecem inofensivas, mas n\u00e3o s\u00e3o.&nbsp;<strong>H\u00e1 v\u00e1rios casos descritos de \u00f3bitos causados por este desafio, [que motiva] a exposi\u00e7\u00e3o indevida do produto<\/strong>\u201d, confirmou Camila ao se referir a sua experi\u00eancia junto \u00e0 equipe do CIATox.<\/p>\n<\/blockquote>\n\n\n\n<p>\u201cJ\u00e1 participamos do atendimento de alguns casos, tanto aqui, no Hospital das Cl\u00ednicas da Unicamp, no final de 2022, quanto oferecendo apoio telef\u00f4nico, em outros momentos\u201d, disse a m\u00e9dica, destacando que, em casos de intoxica\u00e7\u00e3o, quanto mais r\u00e1pido uma pessoa receber atendimento m\u00e9dico, maiores as chances de ela ser salva, com menos sequelas.<\/p>\n\n\n\n<blockquote class=\"wp-block-quote is-layout-flow wp-block-quote-is-layout-flow\">\n<p>\u201c\u00c9 importante buscar socorro o mais r\u00e1pido poss\u00edvel. Chamar uma ambul\u00e2ncia ou, se poss\u00edvel, levar a pessoa o mais rapidamente para um local de atendimento de urg\u00eancia. O tempo \u00e9 um fator primordial.\u201d<\/p>\n<\/blockquote>\n\n\n\n<p>At\u00e9 a publica\u00e7\u00e3o desta reportagem, a empresa&nbsp;<em>Tik Tok<\/em>&nbsp;n\u00e3o tinha se manifestado sobre a acusa\u00e7\u00e3o de que a menina Sarah Ra\u00edssa tomou conhecimento do Desafio do Desodorante ao utilizar a plataforma digital. A&nbsp;<strong>Ag\u00eancia Brasil<\/strong>&nbsp;segue aguardando uma resposta.<br><\/p>\n","protected":false},"excerpt":{"rendered":"<p>Crian\u00e7a teria inalado produto imitando v\u00eddeos nas redes sociais Por Alex Rodrigues &#8211; Rep\u00f3rter da<\/p>\n","protected":false},"author":2,"featured_media":102578,"comment_status":"open","ping_status":"open","sticky":false,"template":"","format":"standard","meta":{"footnotes":""},"categories":[17],"tags":[],"class_list":["post-102577","post","type-post","status-publish","format-standard","has-post-thumbnail","hentry","category-outras-noticias"],"_links":{"self":[{"href":"https:\/\/tvc16.com\/portal\/wp-json\/wp\/v2\/posts\/102577","targetHints":{"allow":["GET"]}}],"collection":[{"href":"https:\/\/tvc16.com\/portal\/wp-json\/wp\/v2\/posts"}],"about":[{"href":"https:\/\/tvc16.com\/portal\/wp-json\/wp\/v2\/types\/post"}],"author":[{"embeddable":true,"href":"https:\/\/tvc16.com\/portal\/wp-json\/wp\/v2\/users\/2"}],"replies":[{"embeddable":true,"href":"https:\/\/tvc16.com\/portal\/wp-json\/wp\/v2\/comments?post=102577"}],"version-history":[{"count":1,"href":"https:\/\/tvc16.com\/portal\/wp-json\/wp\/v2\/posts\/102577\/revisions"}],"predecessor-version":[{"id":102579,"href":"https:\/\/tvc16.com\/portal\/wp-json\/wp\/v2\/posts\/102577\/revisions\/102579"}],"wp:featuredmedia":[{"embeddable":true,"href":"https:\/\/tvc16.com\/portal\/wp-json\/wp\/v2\/media\/102578"}],"wp:attachment":[{"href":"https:\/\/tvc16.com\/portal\/wp-json\/wp\/v2\/media?parent=102577"}],"wp:term":[{"taxonomy":"category","embeddable":true,"href":"https:\/\/tvc16.com\/portal\/wp-json\/wp\/v2\/categories?post=102577"},{"taxonomy":"post_tag","embeddable":true,"href":"https:\/\/tvc16.com\/portal\/wp-json\/wp\/v2\/tags?post=102577"}],"curies":[{"name":"wp","href":"https:\/\/api.w.org\/{rel}","templated":true}]}}