{"id":102580,"date":"2025-04-15T09:18:38","date_gmt":"2025-04-15T12:18:38","guid":{"rendered":"https:\/\/tvc16.com\/portal\/?p=102580"},"modified":"2025-04-15T09:19:57","modified_gmt":"2025-04-15T12:19:57","slug":"inscricoes-para-corrida-do-trabalhador-esgotam-em-quatro-minutos","status":"publish","type":"post","link":"https:\/\/tvc16.com\/portal\/2025\/04\/15\/inscricoes-para-corrida-do-trabalhador-esgotam-em-quatro-minutos\/","title":{"rendered":"Inscri\u00e7\u00f5es para Corrida do Trabalhador esgotam em quatro minutos"},"content":{"rendered":"\n<p>A j\u00e1 consolidada Corrida do Trabalhador est\u00e1 mais uma vez caminhando para o sucesso. Para este ano, as inscri\u00e7\u00f5es online esgotaram em apenas quatro minutos. O petropolitano que n\u00e3o conseguiu se inscrever ter\u00e1 ainda dois dias para fazer parte da corrida mais tradicional de Petr\u00f3polis.<\/p>\n\n\n\n<p>\u201cSabemos o tanto que o petropolitano ama correr e a corrida do feriado do dia do Trabalhador \u00e9 um marco para todos os praticantes do esporte. \u00c9 um evento que todos aguardam ansiosos e que estamos empenhados para oferecer a melhor corrida poss\u00edvel\u201d disse o prefeito Hingo Hammes.<\/p>\n\n\n\n<p>Em apenas quatro minutos 700 corredores j\u00e1 garantiram sua participa\u00e7\u00e3o no evento. Para aqueles que n\u00e3o conseguiram se cadastrar online, ter\u00e3o ainda ter\u00e7a e quarta (15 e 16), para garantir participa\u00e7\u00e3o no evento, se inscrevendo presencialmente na secretaria de Esportes a partir das 11h.<\/p>\n\n\n\n<p>\u201cA Corrida do Trabalhador \u00e9 um marco festivo para os atletas de Petr\u00f3polis, uma oportunidade para que todos possam se divertir e competir. Hoje o esporte \u00e9 um dos mais amados na cidade e vamos continuar trabalhando para oferecer um evento gratificante a todos\u201d, celebra o secret\u00e1rio de Esportes Leandro Kronenberger.<\/p>\n\n\n\n<p><strong>Inscri\u00e7\u00f5es<\/strong><\/p>\n\n\n\n<p>Localiza\u00e7\u00e3o: secretaria de Esportes, Rua 16 de mar\u00e7o, 183 &#8211; 2\u00ba andar &#8211; Centro<br>Data: Ter\u00e7a e quarta (15 e 16)<br>Hor\u00e1rio: 11h<\/p>\n","protected":false},"excerpt":{"rendered":"<p>A j\u00e1 consolidada Corrida do Trabalhador est\u00e1 mais uma vez caminhando para o sucesso. Para<\/p>\n","protected":false},"author":2,"featured_media":58123,"comment_status":"open","ping_status":"open","sticky":false,"template":"","format":"standard","meta":{"footnotes":""},"categories":[12],"tags":[],"class_list":["post-102580","post","type-post","status-publish","format-standard","has-post-thumbnail","hentry","category-cidade"],"_links":{"self":[{"href":"https:\/\/tvc16.com\/portal\/wp-json\/wp\/v2\/posts\/102580","targetHints":{"allow":["GET"]}}],"collection":[{"href":"https:\/\/tvc16.com\/portal\/wp-json\/wp\/v2\/posts"}],"about":[{"href":"https:\/\/tvc16.com\/portal\/wp-json\/wp\/v2\/types\/post"}],"author":[{"embeddable":true,"href":"https:\/\/tvc16.com\/portal\/wp-json\/wp\/v2\/users\/2"}],"replies":[{"embeddable":true,"href":"https:\/\/tvc16.com\/portal\/wp-json\/wp\/v2\/comments?post=102580"}],"version-history":[{"count":2,"href":"https:\/\/tvc16.com\/portal\/wp-json\/wp\/v2\/posts\/102580\/revisions"}],"predecessor-version":[{"id":102582,"href":"https:\/\/tvc16.com\/portal\/wp-json\/wp\/v2\/posts\/102580\/revisions\/102582"}],"wp:featuredmedia":[{"embeddable":true,"href":"https:\/\/tvc16.com\/portal\/wp-json\/wp\/v2\/media\/58123"}],"wp:attachment":[{"href":"https:\/\/tvc16.com\/portal\/wp-json\/wp\/v2\/media?parent=102580"}],"wp:term":[{"taxonomy":"category","embeddable":true,"href":"https:\/\/tvc16.com\/portal\/wp-json\/wp\/v2\/categories?post=102580"},{"taxonomy":"post_tag","embeddable":true,"href":"https:\/\/tvc16.com\/portal\/wp-json\/wp\/v2\/tags?post=102580"}],"curies":[{"name":"wp","href":"https:\/\/api.w.org\/{rel}","templated":true}]}}