{"id":102589,"date":"2025-04-16T06:00:00","date_gmt":"2025-04-16T09:00:00","guid":{"rendered":"https:\/\/tvc16.com\/portal\/?p=102589"},"modified":"2025-04-15T09:55:49","modified_gmt":"2025-04-15T12:55:49","slug":"pascoa-petropolis-divulga-programacao-oficial-com-atividades-para-toda-a-familia","status":"publish","type":"post","link":"https:\/\/tvc16.com\/portal\/2025\/04\/16\/pascoa-petropolis-divulga-programacao-oficial-com-atividades-para-toda-a-familia\/","title":{"rendered":"P\u00e1scoa Petr\u00f3polis divulga programa\u00e7\u00e3o oficial com atividades para toda a fam\u00edlia"},"content":{"rendered":"\n<p><em>Evento gratuito acontece entre os dias 17 e 21 de abril, no Pal\u00e1cio de Cristal, com ca\u00e7a ao chocolate, oficinas infantis, teatro e expositores gastron\u00f4micos<\/em><\/p>\n\n\n\n<p>A magia da P\u00e1scoa vai tomar conta do Pal\u00e1cio de Cristal, em Petr\u00f3polis, entre os dias 17 e 21 de abril, com a realiza\u00e7\u00e3o da primeira edi\u00e7\u00e3o da&nbsp;P\u00e1scoa Petr\u00f3polis. Com entrada gratuita, o evento promete encantar moradores e turistas com uma programa\u00e7\u00e3o repleta de atividades l\u00fadicas, apresenta\u00e7\u00f5es culturais, oficinas infantis e uma cenografia especial que transforma o espa\u00e7o em um verdadeiro mundo tem\u00e1tico pascoal.<\/p>\n\n\n\n<p>Entre os destaques da programa\u00e7\u00e3o est\u00e3o as a\u00e7\u00f5es voltadas para o p\u00fablico infantil, que incluem&nbsp;ca\u00e7a aos ovos de P\u00e1scoa,&nbsp;pintura facial,&nbsp;conta\u00e7\u00e3o de hist\u00f3rias,&nbsp;oficinas de arte e pintura de ovos. As atividades l\u00fadicas ser\u00e3o conduzidas por uma equipe de recreadores, que tamb\u00e9m promover\u00e1 brincadeiras como&nbsp;corrida de saco, al\u00e9m de proporcionar momentos m\u00e1gicos com&nbsp;m\u00e1quinas de bolinhas de sab\u00e3o.<\/p>\n\n\n\n<p>A programa\u00e7\u00e3o musical e art\u00edstica tamb\u00e9m est\u00e1 garantida. O Est\u00fadio DNA traz um animado&nbsp;flash mob com tem\u00e1tica de ca\u00e7a aos ovos, com apresenta\u00e7\u00f5es na sexta-feira (18), \u00e0s 18h, no s\u00e1bado (19), \u00e0s 13h e 18h, e no domingo (20), \u00e0s 15h. J\u00e1 a Foco Produ\u00e7\u00f5es comanda a festa com um circuito interativo para as crian\u00e7as, com m\u00fasica, pintura facial, conta\u00e7\u00e3o de hist\u00f3rias, pintura de ovos e ca\u00e7a ao chocolate \u2014 no s\u00e1bado e domingo, das 13h \u00e0s 15h.<\/p>\n\n\n\n<p>A experi\u00eancia ser\u00e1 completa com a presen\u00e7a de&nbsp;expositores de gastronomia local, que v\u00e3o oferecer del\u00edcias artesanais para todos os gostos. Entre as marcas confirmadas est\u00e3o Caracol, P\u00e3o de Alho Du Kara, JJ,&nbsp;Sharder, Marie e Anne, Contos, Dom Marquiz, Brownie do Ton, Doce dos Anjos, Moulin, \u00c1gua na Boca e&nbsp;E a\u00ed&nbsp;Churros.<\/p>\n\n\n\n<p>\u201cPensamos a P\u00e1scoa Petr\u00f3polis como uma celebra\u00e7\u00e3o familiar, para quem vive aqui e para quem escolheu a cidade para curtir o feriado. Ser\u00e1 um evento m\u00e1gico, com m\u00fasica, teatro e, claro, muito chocolate\u201d, destaca Rodrigo&nbsp;Paivaz, um dos organizadores do evento, que conta com a Dois Entretenimento, Deguste e Cool Produ\u00e7\u00f5es. A realiza\u00e7\u00e3o tem o apoio da Prefeitura de Petr\u00f3polis.<\/p>\n\n\n\n<p><strong>Servi\u00e7o<\/strong><\/p>\n\n\n\n<p>Evento:&nbsp;P\u00e1scoa no Pal\u00e1cio de Cristal<br>Datas:&nbsp;17 a 21 de abril de 2025<br>Hor\u00e1rio:<\/p>\n\n\n\n<ul class=\"wp-block-list\">\n<li>Quinta-feira (17\/04): 16h \u00e0s 22h<\/li>\n\n\n\n<li>Sexta-feira (18\/04) e s\u00e1bado (19\/04): 10h \u00e0s 22h<\/li>\n\n\n\n<li>Domingo (20\/04) e segunda-feira (21\/04): 10h \u00e0s 22h<br>Local:\u00a0Pal\u00e1cio de Cristal \u2013 Petr\u00f3polis, RJ<br>Entrada:\u00a0Gratuita<br>Mais informa\u00e7\u00f5es:\u00a0<a href=\"https:\/\/www.instagram.com\/pascoapetropolis\" target=\"_blank\" rel=\"noreferrer noopener\">@pascoapetropolis<\/a><\/li>\n<\/ul>\n","protected":false},"excerpt":{"rendered":"<p>Evento gratuito acontece entre os dias 17 e 21 de abril, no Pal\u00e1cio de Cristal,<\/p>\n","protected":false},"author":2,"featured_media":102590,"comment_status":"open","ping_status":"open","sticky":false,"template":"","format":"standard","meta":{"footnotes":""},"categories":[12],"tags":[],"class_list":["post-102589","post","type-post","status-publish","format-standard","has-post-thumbnail","hentry","category-cidade"],"_links":{"self":[{"href":"https:\/\/tvc16.com\/portal\/wp-json\/wp\/v2\/posts\/102589","targetHints":{"allow":["GET"]}}],"collection":[{"href":"https:\/\/tvc16.com\/portal\/wp-json\/wp\/v2\/posts"}],"about":[{"href":"https:\/\/tvc16.com\/portal\/wp-json\/wp\/v2\/types\/post"}],"author":[{"embeddable":true,"href":"https:\/\/tvc16.com\/portal\/wp-json\/wp\/v2\/users\/2"}],"replies":[{"embeddable":true,"href":"https:\/\/tvc16.com\/portal\/wp-json\/wp\/v2\/comments?post=102589"}],"version-history":[{"count":1,"href":"https:\/\/tvc16.com\/portal\/wp-json\/wp\/v2\/posts\/102589\/revisions"}],"predecessor-version":[{"id":102591,"href":"https:\/\/tvc16.com\/portal\/wp-json\/wp\/v2\/posts\/102589\/revisions\/102591"}],"wp:featuredmedia":[{"embeddable":true,"href":"https:\/\/tvc16.com\/portal\/wp-json\/wp\/v2\/media\/102590"}],"wp:attachment":[{"href":"https:\/\/tvc16.com\/portal\/wp-json\/wp\/v2\/media?parent=102589"}],"wp:term":[{"taxonomy":"category","embeddable":true,"href":"https:\/\/tvc16.com\/portal\/wp-json\/wp\/v2\/categories?post=102589"},{"taxonomy":"post_tag","embeddable":true,"href":"https:\/\/tvc16.com\/portal\/wp-json\/wp\/v2\/tags?post=102589"}],"curies":[{"name":"wp","href":"https:\/\/api.w.org\/{rel}","templated":true}]}}