{"id":102598,"date":"2025-04-15T12:51:52","date_gmt":"2025-04-15T15:51:52","guid":{"rendered":"https:\/\/tvc16.com\/portal\/?p=102598"},"modified":"2025-04-15T12:51:53","modified_gmt":"2025-04-15T15:51:53","slug":"vendas-de-veiculos-financiados-tem-queda-em-marco-diz-b3","status":"publish","type":"post","link":"https:\/\/tvc16.com\/portal\/2025\/04\/15\/vendas-de-veiculos-financiados-tem-queda-em-marco-diz-b3\/","title":{"rendered":"Vendas de ve\u00edculos financiados t\u00eam queda em mar\u00e7o, diz B3"},"content":{"rendered":"\n<p>Houve retra\u00e7\u00e3o para ve\u00edculos leves e pesados; motocicletas destoaram<\/p>\n\n\n\n<p>As vendas de ve\u00edculos financiados no Brasil recuaram 2,3% no m\u00eas de mar\u00e7o, na compara\u00e7\u00e3o com o fevereiro deste ano, segundo informa\u00e7\u00f5es divulgadas nesta ter\u00e7a-feira (15) pela B3, a bolsa de valores de S\u00e3o Paulo. Em rela\u00e7\u00e3o ao&nbsp;mesmo m\u00eas de 2024, a queda foi de 3,6%.&nbsp;<img decoding=\"async\" src=\"https:\/\/agenciabrasil.ebc.com.br\/ebc.png?id=1638921&amp;o=node\"><img decoding=\"async\" src=\"https:\/\/agenciabrasil.ebc.com.br\/ebc.gif?id=1638921&amp;o=node\"><\/p>\n\n\n\n<p><strong>Ao todo, foram fechadas&nbsp;vendas financiadas de 551 mil ve\u00edculos&nbsp;neste ano, entre novos e usados.&nbsp;<\/strong><\/p>\n\n\n\n<p>No segmento dos ve\u00edculos leves, a redu\u00e7\u00e3o foi de 4,4% na compara\u00e7\u00e3o com mar\u00e7o do ano passado. Com rela\u00e7\u00e3o a fevereiro, a diferen\u00e7a para menor foi de 3,8%.<\/p>\n\n\n\n<p>J\u00e1 no setor de ve\u00edculos pesados,&nbsp;o m\u00eas de mar\u00e7o foi 6,7% menor que o mesmo m\u00eas de 2024, e 1,1% inferior ao fevereiro passado.<\/p>\n\n\n\n<h2 class=\"wp-block-heading\">Motocicletas em alta<\/h2>\n\n\n\n<p>Os financiamentos de motocicletas destoaram da situa\u00e7\u00e3o dos autom\u00f3veis ou caminh\u00f5es.&nbsp;<strong>As vendas financiadas do setor cresceram 4,8% diante dos n\u00fameros de mar\u00e7o de 2024.<\/strong>&nbsp;E foram 1,5% maiores em rela\u00e7\u00e3o a fevereiro passado.<\/p>\n\n\n\n<p>&#8220;O resultado do primeiro trimestre mostra que o setor continua aquecido, dando continuidade ao movimento visto no segundo semestre de 2024. Vale ressaltar que a queda em mar\u00e7o na compara\u00e7\u00e3o com o m\u00eas anterior \u00e9 justificada pela sazonalidade do carnaval, uma vez que a m\u00e9dia de ve\u00edculos financiados em mar\u00e7o por dia \u00fatil \u00e9 maior do que em fevereiro\u201d, afirma o superintendente de produtos de financiamentos na B3, Daniel Takatohi.&nbsp;<\/p>\n","protected":false},"excerpt":{"rendered":"<p>Houve retra\u00e7\u00e3o para ve\u00edculos leves e pesados; motocicletas destoaram As vendas de ve\u00edculos financiados no<\/p>\n","protected":false},"author":2,"featured_media":102599,"comment_status":"open","ping_status":"open","sticky":false,"template":"","format":"standard","meta":{"footnotes":""},"categories":[17],"tags":[],"class_list":["post-102598","post","type-post","status-publish","format-standard","has-post-thumbnail","hentry","category-outras-noticias"],"_links":{"self":[{"href":"https:\/\/tvc16.com\/portal\/wp-json\/wp\/v2\/posts\/102598","targetHints":{"allow":["GET"]}}],"collection":[{"href":"https:\/\/tvc16.com\/portal\/wp-json\/wp\/v2\/posts"}],"about":[{"href":"https:\/\/tvc16.com\/portal\/wp-json\/wp\/v2\/types\/post"}],"author":[{"embeddable":true,"href":"https:\/\/tvc16.com\/portal\/wp-json\/wp\/v2\/users\/2"}],"replies":[{"embeddable":true,"href":"https:\/\/tvc16.com\/portal\/wp-json\/wp\/v2\/comments?post=102598"}],"version-history":[{"count":1,"href":"https:\/\/tvc16.com\/portal\/wp-json\/wp\/v2\/posts\/102598\/revisions"}],"predecessor-version":[{"id":102600,"href":"https:\/\/tvc16.com\/portal\/wp-json\/wp\/v2\/posts\/102598\/revisions\/102600"}],"wp:featuredmedia":[{"embeddable":true,"href":"https:\/\/tvc16.com\/portal\/wp-json\/wp\/v2\/media\/102599"}],"wp:attachment":[{"href":"https:\/\/tvc16.com\/portal\/wp-json\/wp\/v2\/media?parent=102598"}],"wp:term":[{"taxonomy":"category","embeddable":true,"href":"https:\/\/tvc16.com\/portal\/wp-json\/wp\/v2\/categories?post=102598"},{"taxonomy":"post_tag","embeddable":true,"href":"https:\/\/tvc16.com\/portal\/wp-json\/wp\/v2\/tags?post=102598"}],"curies":[{"name":"wp","href":"https:\/\/api.w.org\/{rel}","templated":true}]}}