{"id":102601,"date":"2025-04-15T13:20:02","date_gmt":"2025-04-15T16:20:02","guid":{"rendered":"https:\/\/tvc16.com\/portal\/?p=102601"},"modified":"2025-04-15T13:20:05","modified_gmt":"2025-04-15T16:20:05","slug":"prefeitura-entrega-cheques-aos-selecionados-em-editais-do-fundo-municipal-de-cultura","status":"publish","type":"post","link":"https:\/\/tvc16.com\/portal\/2025\/04\/15\/prefeitura-entrega-cheques-aos-selecionados-em-editais-do-fundo-municipal-de-cultura\/","title":{"rendered":"Prefeitura entrega cheques aos selecionados em editais do Fundo Municipal de Cultura"},"content":{"rendered":"\n<p>Valores totalizam R$ 530 mil. Os pagamentos s\u00e3o referentes ao edital 7.<\/p>\n\n\n\n<p>A prefeitura de Petr\u00f3polis realizou nesta segunda-feira (14), por meio do Instituto Municipal de Cultura &#8211; IMC, a entrega dos cheques simb\u00f3licos aos 21 projetos culturais selecionados atrav\u00e9s do financiamento do Fundo Municipal de Cultura. Ao todo, s\u00e3o R$ 530 mil, divididos em tr\u00eas categorias, com valores entre 10 mil e 50 mil reais.<\/p>\n\n\n\n<p>\u201cFinanciar a cultura na nossa cidade \u00e9 fundamental para estimular a produ\u00e7\u00e3o art\u00edstica e a gente sabe o que quanto a arte tem poder transformador na vida das pessoas. Seja para inspirar, produzir um olhar cr\u00edtico, ajudar a refletir. Al\u00e9m disso, tem papel importante tamb\u00e9m na gera\u00e7\u00e3o de renda e emprego. Por isso, agora a gente entrega esses cheques a cada um dos fazedores de cultura que conseguiram qualificar seus projetos e segue com esse objetivo de continuar estimulando e financiando mais produ\u00e7\u00f5es na cidade\u201d, ressaltou o prefeito Hingo Hammes.<\/p>\n\n\n\n<p>O professor de dan\u00e7a Leandro Marques, do projeto Serra Forr\u00f3, conseguiu acessar o financiamento de R$ 50 mil para a terceira edi\u00e7\u00e3o do festival de dan\u00e7a e pela primeira vez com o financiamento do Fundo de Cultura. &#8220;O IMC deu esse suporte para a gente. Isso \u00e9 muito importante, essa parceria, esse apoio do IMC, da prefeitura, queria agradecer ao nosso prefeito Hingo Hammes e ao nosso secret\u00e1rio, Adenilson Honorato, que est\u00e3o sempre abra\u00e7ando a causa da cultura&#8221;, disse.<\/p>\n\n\n\n<p>O projeto comtemplado da Isabella Morelli, &#8220;Contos do C\u00e9u, da Terra e do Mar: Era Uma Vez Tr\u00eas Hist\u00f3rias Diversas&#8221;, foi comtemplado com R$ 10 mil. O dinheiro servir\u00e1 para a publica\u00e7\u00e3o de um livro, al\u00e9m da realiza\u00e7\u00e3o de eventos em escolas, para conta\u00e7\u00e3o de hist\u00f3rias, contando com um interprete de libras. &#8220;Meu projeto tem como foco a diversidade. Ele visa representar aquela leitura que todo mundo gosta de fazer quando crian\u00e7a, mas mostrando pessoas com defici\u00eancia e me representando tamb\u00e9m, quanto uma pessoa autista e da comunidade LGBTQIA+. Hoje em dia est\u00e1 muito dif\u00edcil realizar esses projetos. Colocando na ponta do papel, o projeto n\u00e3o aconteceria. Eu tenho essa ideia desde 2013. S\u00e3o mais de dez anos pensando nisso e isso s\u00f3 foi poss\u00edvel hoje gra\u00e7as ao Funcultura&#8221;, ressaltou.<\/p>\n\n\n\n<p>A Patr\u00edcia Santos, conhecida como &#8220;Preta&#8221;, tamb\u00e9m foi uma das pessoas que recebeu cheque para financiar o projeto &#8220;Narrando Escritoras Pretas Brasileiras&#8221;. &#8220;Essa \u00e9 a segunda parte do projeto. A Primeira vez foi com recurso do edital da lei de incentivo \u00e0 cultura da lei Paulo Gustavo e a gente est\u00e1 aqui para dar continuidade \u00e0 esse projeto lindo, que conta a hist\u00f3ria de cem escritoras negras brasileiras que passaram por diversas coisas para estar no lugar onde chegaram e \u00e9 isso que a gente quer passar para os jovens do nosso munic\u00edpio&#8221;, afirmou.<\/p>\n\n\n\n<p>Entre os projetos premiados pelo edital 7, que segue dispon\u00edvel no site da prefeitura, est\u00e3o os voltados para literatura, m\u00fasica, teatro, dan\u00e7a, exposi\u00e7\u00f5es e centros culturais. Quatro desses projetos foram selecionados para a categoria de financiamento de R$ 50 mil do Fundo Municipal de Cultura. Outros oito, para a categoria de R$ 30 mil. E nove na categoria de R$ 10 mil.<\/p>\n\n\n\n<p>\u201cUma verba fundamental no desenvolvimento de projetos que, ou j\u00e1 est\u00e3o consolidados na cidade e est\u00e3o em busca de crescer ainda mais, ou est\u00e3o come\u00e7ando e precisam desse suporte para se desenvolver. A arte se faz por meio dos fazedores de cultura. Por isso, \u00e9 fundamental que o munic\u00edpio abra editais e apoie nossos artistas. Em breve, vamos anunciar outros chamamentos p\u00fablicos para categorias que ainda n\u00e3o foram contempladas\u201d, disse o presidente do IMC, Adenilson Honorato.<\/p>\n\n\n\n<p>Confira a lista dos selecionados no edital<\/p>\n\n\n\n<p>\u2022\u2060 \u2060Associa\u00e7\u00e3o Cia. Teatral L\u00edngua de Trapo &#8211; Festival L\u00edngua de Trapo &#8211; IV Encontro<br>de Teatro Infanto Juvenil de Petr\u00f3polis<br>\u2022\u2060 \u2060Mariana de Carvalho Rocha &#8211; A Parte que Falta<br>\u2022\u2060 \u2060\u2060Leandro Marques da Silva &#8211; Festival Serra Forr\u00f3 &#8211; 3\u00ba Edi\u00e7\u00e3o<br>\u2022\u2060 \u2060\u2060Andre Luiz Pereira Parreiras de Mendon\u00e7a &#8211; Os Caminhos para a Interpreta\u00e7\u00e3o para a C\u00e2mera<br>\u2022\u2060 \u2060Jo\u00e3o Antonio Correa Fernandes &#8211; Vida de Guerrilha<br>\u2022\u2060 \u2060\u2060Jo\u00e3o Victor de Souza Ramos &#8211; Trato Feito: Vitrine Sonora e Encontros Musicais<br>\u2022\u2060 \u2060La\u00eds Costa de Ara\u00fajo &#8211; Impress\u00e3o e Lan\u00e7amento do Livro \u201cEntre o Banzo, o Bando e o B\u00e1sico\u201d &#8211; Nega Jay<br>\u2022\u2060 \u2060Patricia Granja Santos &#8211; Narrando escritoras pretas brasileiras II<br>\u2022\u2060 \u2060\u2060Raysa Marie Moreira Viana &#8211; Festival ROCK Legends<br>\u2022\u2060 \u2060\u2060Regina Elena Carneiro Guimar\u00e3es &#8211; N\u00d3S<br>\u2022\u2060 \u2060\u2060Marcia Cunha Ganem \/ MC Ganem LTDA &#8211; Primeira Mostra Quilombola de Petr\u00f3polis<br>\u2022\u2060 \u2060\u2060Matheus do Nascimento Teles &#8211; Lola e a M\u00e1quina do Tempo &#8211; Teatro Infanto-juvenil<br>\u2022\u2060 \u2060Julio Cesar Rocha de Oliveira &#8211; KOLOF\u00c9 &#8211; Um experimento al\u00e9m da Dan\u00e7a<br>\u2022\u2060 \u2060Mayara Ferreira &#8211; SAMBA DE TERREIRO<br>\u2022\u2060 \u2060Mickael Coelho Ramos da Cruz &#8211; MOSTRA<br>\u2022\u2060 \u2060Ronaldo Elie Yallouz &#8211; &#8220;O Que Acontece no Caminho&#8221; &#8211; Livro Infantil sobre Resili\u00eancia, Aprendizado e Mudan\u00e7a<br>\u2022\u2060 \u2060Gabriel Mota Rom\u00e3o &#8211; Filhos de Zumbi &#8211; \u00c1lbum, Workshop e Lives<br>\u2022\u2060 \u2060Jo\u00e3o V\u00edtor da Costa Mattos &#8211; &#8220;Casa Ana Mayworm: Mem\u00f3ria Germ\u00e2nica em Petr\u00f3polis&#8221;<br>\u2022\u2060 \u2060Mariana Alonso L\u00f3pez-L\u00f3pez &#8211; Entre a Opress\u00e3o e a Supera\u00e7\u00e3o: a arte como ferramenta de transforma\u00e7\u00e3o social<br>\u2022\u2060 \u2060Isabella Morelli Esteves &#8211; Contos do C\u00e9u, da Terra e do Mar: Era Uma Vez Tr\u00eas Hist\u00f3rias Diversas<br>\u2022\u2060 \u2060Alexia da Concei\u00e7\u00e3o silva &#8211; Garbo Vintage \u2013 Conex\u00e3o Sustent\u00e1vel<\/p>\n","protected":false},"excerpt":{"rendered":"<p>Valores totalizam R$ 530 mil. Os pagamentos s\u00e3o referentes ao edital 7. A prefeitura de<\/p>\n","protected":false},"author":2,"featured_media":102602,"comment_status":"open","ping_status":"open","sticky":false,"template":"","format":"standard","meta":{"footnotes":""},"categories":[12],"tags":[],"class_list":["post-102601","post","type-post","status-publish","format-standard","has-post-thumbnail","hentry","category-cidade"],"_links":{"self":[{"href":"https:\/\/tvc16.com\/portal\/wp-json\/wp\/v2\/posts\/102601","targetHints":{"allow":["GET"]}}],"collection":[{"href":"https:\/\/tvc16.com\/portal\/wp-json\/wp\/v2\/posts"}],"about":[{"href":"https:\/\/tvc16.com\/portal\/wp-json\/wp\/v2\/types\/post"}],"author":[{"embeddable":true,"href":"https:\/\/tvc16.com\/portal\/wp-json\/wp\/v2\/users\/2"}],"replies":[{"embeddable":true,"href":"https:\/\/tvc16.com\/portal\/wp-json\/wp\/v2\/comments?post=102601"}],"version-history":[{"count":1,"href":"https:\/\/tvc16.com\/portal\/wp-json\/wp\/v2\/posts\/102601\/revisions"}],"predecessor-version":[{"id":102603,"href":"https:\/\/tvc16.com\/portal\/wp-json\/wp\/v2\/posts\/102601\/revisions\/102603"}],"wp:featuredmedia":[{"embeddable":true,"href":"https:\/\/tvc16.com\/portal\/wp-json\/wp\/v2\/media\/102602"}],"wp:attachment":[{"href":"https:\/\/tvc16.com\/portal\/wp-json\/wp\/v2\/media?parent=102601"}],"wp:term":[{"taxonomy":"category","embeddable":true,"href":"https:\/\/tvc16.com\/portal\/wp-json\/wp\/v2\/categories?post=102601"},{"taxonomy":"post_tag","embeddable":true,"href":"https:\/\/tvc16.com\/portal\/wp-json\/wp\/v2\/tags?post=102601"}],"curies":[{"name":"wp","href":"https:\/\/api.w.org\/{rel}","templated":true}]}}